{"id":29337,"date":"2025-05-16T18:38:46","date_gmt":"2025-05-16T15:38:46","guid":{"rendered":"https:\/\/www.egemtv.com\/?p=29337"},"modified":"2025-05-16T18:38:50","modified_gmt":"2025-05-16T15:38:50","slug":"dernek-baskani-namazdan-kutahya-sehir-hastanesine-tesekkur","status":"publish","type":"post","link":"https:\/\/www.egemtv.com\/?p=29337","title":{"rendered":"Dernek Ba\u015fkan\u0131 Namaz\u2019dan K\u00fctahya \u015eehir Hastanesi\u2019ne te\u015fekk\u00fcr"},"content":{"rendered":"<p>K\u00fctahya Y\u00f6r\u00fck ve T\u00fcrkmenler Sosyal Yard\u0131mla\u015fma ve Dayan\u0131\u015fma Derne\u011fi Ba\u015fkan\u0131 Hasan H\u00fcseyin Namaz ile e\u015fi Havva Namaz, K\u00fctahya \u015eehir Hastanesi\u2019ni ziyaret ederek te\u015fekk\u00fcrlerini iletti.<br \/>\n<br \/>Ge\u00e7irdi\u011fi sa\u011fl\u0131k sorunlar\u0131 nedeniyle bir s\u00fcre \u00f6nce K\u00fctahya \u015eehir Hastanesi\u2019nde tedavi g\u00f6ren Ba\u015fkan Namaz, g\u00f6rd\u00fc\u011f\u00fc ilgi ve sa\u011fl\u0131k hizmetlerinden duydu\u011fu memnuniyeti dile getirdi. Ziyaret kapsam\u0131nda, Ba\u015fhekim Do\u00e7. Dr. Mehmet Fatih Ekici ba\u015fta olmak \u00fczere, tedavi s\u00fcrecinde eme\u011fi ge\u00e7en sa\u011fl\u0131k \u00e7al\u0131\u015fanlar\u0131na te\u015fekk\u00fcr plaketi takdim etti.<br \/>\n<br \/>Plaket takdim edilen isimler aras\u0131nda K\u00fctahya Sa\u011fl\u0131k Bilimleri \u00dcniversitesi ve hastane hekimlerinden; Kalp Damar Cerrahisi Uzman\u0131 Prof. Dr. Ali \u0130hsan Parlar, Genel Cerrahi Uzman\u0131 Prof. Dr. Faik Yaylak, Kardiyoloji Uzman\u0131 Do\u00e7. Dr. Mevl\u00fct Demir, Nefroloji Uzman\u0131 Dr. \u00d6\u011fr. \u00dcyesi Neslihan Tezcan, Kalp Damar Cerrahisi Uzman\u0131 Dr. \u00d6\u011fr. \u00dcyesi Murat Ero\u011flu, Kalp Damar Cerrahisi Uzman\u0131 Op. Dr. Ferdi Peynirci, Dr. Fatma \u00d6zkan, Destek ve Kalite Hizmetleri M\u00fcd\u00fcr\u00fc Ceylan \u00d6zel yer ald\u0131.<br \/>\n<br \/>Ziyaretten duydu\u011fu memnuniyeti dile getiren Ba\u015fhekim Do\u00e7. Dr. Mehmet Fatih Ekici, &#8220;Hastanemiz ve \u00fcniversitemiz ad\u0131na sizlere \u00e7ok te\u015fekk\u00fcr ediyorum&#8221; ifadelerini kulland\u0131.<br \/><\/p>\n","protected":false},"excerpt":{"rendered":"<p>K\u00fctahya Y\u00f6r\u00fck ve T\u00fcrkmenler Sosyal Yard\u0131mla\u015fma ve Dayan\u0131\u015fma Derne\u011fi Ba\u015fkan\u0131 Hasan H\u00fcseyin Namaz ile e\u015fi Havva Namaz, K\u00fctahya \u015eehir Hastanesi\u2019ni ziyaret ederek te\u015fekk\u00fcrlerini iletti. Ge\u00e7irdi\u011fi sa\u011fl\u0131k sorunlar\u0131 nedeniyle bir s\u00fcre \u00f6nce K\u00fctahya \u015eehir Hastanesi\u2019nde tedavi g\u00f6ren Ba\u015fkan Namaz, g\u00f6rd\u00fc\u011f\u00fc ilgi ve sa\u011fl\u0131k hizmetlerinden duydu\u011fu memnuniyeti dile getirdi. Ziyaret kapsam\u0131nda, Ba\u015fhekim Do\u00e7. Dr. Mehmet Fatih Ekici&#8230;<\/p>\n","protected":false},"author":1,"featured_media":29338,"comment_status":"open","ping_status":"open","sticky":false,"template":"","format":"standard","meta":{"_crdt_document":"","footnotes":""},"categories":[123],"tags":[],"class_list":["post-29337","post","type-post","status-publish","format-standard","has-post-thumbnail","hentry","category-gundem"],"_links":{"self":[{"href":"https:\/\/www.egemtv.com\/index.php?rest_route=\/wp\/v2\/posts\/29337","targetHints":{"allow":["GET"]}}],"collection":[{"href":"https:\/\/www.egemtv.com\/index.php?rest_route=\/wp\/v2\/posts"}],"about":[{"href":"https:\/\/www.egemtv.com\/index.php?rest_route=\/wp\/v2\/types\/post"}],"author":[{"embeddable":true,"href":"https:\/\/www.egemtv.com\/index.php?rest_route=\/wp\/v2\/users\/1"}],"replies":[{"embeddable":true,"href":"https:\/\/www.egemtv.com\/index.php?rest_route=%2Fwp%2Fv2%2Fcomments&post=29337"}],"version-history":[{"count":1,"href":"https:\/\/www.egemtv.com\/index.php?rest_route=\/wp\/v2\/posts\/29337\/revisions"}],"predecessor-version":[{"id":29339,"href":"https:\/\/www.egemtv.com\/index.php?rest_route=\/wp\/v2\/posts\/29337\/revisions\/29339"}],"wp:featuredmedia":[{"embeddable":true,"href":"https:\/\/www.egemtv.com\/index.php?rest_route=\/wp\/v2\/media\/29338"}],"wp:attachment":[{"href":"https:\/\/www.egemtv.com\/index.php?rest_route=%2Fwp%2Fv2%2Fmedia&parent=29337"}],"wp:term":[{"taxonomy":"category","embeddable":true,"href":"https:\/\/www.egemtv.com\/index.php?rest_route=%2Fwp%2Fv2%2Fcategories&post=29337"},{"taxonomy":"post_tag","embeddable":true,"href":"https:\/\/www.egemtv.com\/index.php?rest_route=%2Fwp%2Fv2%2Ftags&post=29337"}],"curies":[{"name":"wp","href":"https:\/\/api.w.org\/{rel}","templated":true}]}}