{"id":29334,"date":"2025-05-16T18:38:42","date_gmt":"2025-05-16T15:38:42","guid":{"rendered":"https:\/\/www.egemtv.com\/?p=29334"},"modified":"2025-05-16T18:38:46","modified_gmt":"2025-05-16T15:38:46","slug":"bodrumu-firtina-vurdu","status":"publish","type":"post","link":"https:\/\/www.egemtv.com\/?p=29334","title":{"rendered":"Bodrum\u2019u f\u0131rt\u0131na vurdu"},"content":{"rendered":"<p>Mu\u011fla\u2019n\u0131n Bodrum il\u00e7esinde etkili olan f\u0131rt\u0131na nedeniyle tekneler karaya s\u00fcr\u00fcklendi. Denizcilerin adeta kabusu ya\u015fad\u0131.<br \/>\n<br \/>Meteoroloji\u2019nin f\u0131rt\u0131na uyar\u0131s\u0131 yapt\u0131\u011f\u0131 Bodrum\u2019da denizde adeta karga\u015fa ya\u015fand\u0131. Bir\u00e7ok tekne tonozdan ayr\u0131larak s\u00fcr\u00fcklenmeye ba\u015flad\u0131. Kimi tekneler s\u00fcr\u00fcklenerek karaya vurdu. Bir\u00e7ok teknede demir at\u0131lsa da \u00e7apa tutmad\u0131 ve tekneler s\u00fcr\u00fcklenmeye ba\u015flad\u0131. Denizciler, teknelerini karaya vurmaktan kurtarmak i\u00e7in yo\u011fun \u00e7aba harcad\u0131. Yar\u0131mada genelinde yakla\u015f\u0131k 10 teknenin karaya s\u00fcr\u00fcklendi\u011fi \u00f6\u011frenildi.<br \/>\n<br \/>P\u0131narl\u0131belen Mahallesi\u2019nde tek katl\u0131 k\u00f6y evinin \u00e7at\u0131s\u0131 f\u0131rt\u0131nada u\u00e7tu. Evin \u00e7at\u0131s\u0131n\u0131n neredeyse tamamen u\u00e7tu\u011fu olayda \u00f6len ya da yaralanan olmad\u0131\u011f\u0131 \u00f6\u011frenildi.<br \/><\/p>\n","protected":false},"excerpt":{"rendered":"<p>Mu\u011fla\u2019n\u0131n Bodrum il\u00e7esinde etkili olan f\u0131rt\u0131na nedeniyle tekneler karaya s\u00fcr\u00fcklendi. Denizcilerin adeta kabusu ya\u015fad\u0131. Meteoroloji\u2019nin f\u0131rt\u0131na uyar\u0131s\u0131 yapt\u0131\u011f\u0131 Bodrum\u2019da denizde adeta karga\u015fa ya\u015fand\u0131. Bir\u00e7ok tekne tonozdan ayr\u0131larak s\u00fcr\u00fcklenmeye ba\u015flad\u0131. Kimi tekneler s\u00fcr\u00fcklenerek karaya vurdu. Bir\u00e7ok teknede demir at\u0131lsa da \u00e7apa tutmad\u0131 ve tekneler s\u00fcr\u00fcklenmeye ba\u015flad\u0131. Denizciler, teknelerini karaya vurmaktan kurtarmak i\u00e7in yo\u011fun \u00e7aba harcad\u0131. Yar\u0131mada&#8230;<\/p>\n","protected":false},"author":1,"featured_media":29335,"comment_status":"open","ping_status":"open","sticky":false,"template":"","format":"standard","meta":{"_crdt_document":"","footnotes":""},"categories":[1],"tags":[],"class_list":["post-29334","post","type-post","status-publish","format-standard","has-post-thumbnail","hentry","category-guncel"],"_links":{"self":[{"href":"https:\/\/www.egemtv.com\/index.php?rest_route=\/wp\/v2\/posts\/29334","targetHints":{"allow":["GET"]}}],"collection":[{"href":"https:\/\/www.egemtv.com\/index.php?rest_route=\/wp\/v2\/posts"}],"about":[{"href":"https:\/\/www.egemtv.com\/index.php?rest_route=\/wp\/v2\/types\/post"}],"author":[{"embeddable":true,"href":"https:\/\/www.egemtv.com\/index.php?rest_route=\/wp\/v2\/users\/1"}],"replies":[{"embeddable":true,"href":"https:\/\/www.egemtv.com\/index.php?rest_route=%2Fwp%2Fv2%2Fcomments&post=29334"}],"version-history":[{"count":1,"href":"https:\/\/www.egemtv.com\/index.php?rest_route=\/wp\/v2\/posts\/29334\/revisions"}],"predecessor-version":[{"id":29336,"href":"https:\/\/www.egemtv.com\/index.php?rest_route=\/wp\/v2\/posts\/29334\/revisions\/29336"}],"wp:featuredmedia":[{"embeddable":true,"href":"https:\/\/www.egemtv.com\/index.php?rest_route=\/wp\/v2\/media\/29335"}],"wp:attachment":[{"href":"https:\/\/www.egemtv.com\/index.php?rest_route=%2Fwp%2Fv2%2Fmedia&parent=29334"}],"wp:term":[{"taxonomy":"category","embeddable":true,"href":"https:\/\/www.egemtv.com\/index.php?rest_route=%2Fwp%2Fv2%2Fcategories&post=29334"},{"taxonomy":"post_tag","embeddable":true,"href":"https:\/\/www.egemtv.com\/index.php?rest_route=%2Fwp%2Fv2%2Ftags&post=29334"}],"curies":[{"name":"wp","href":"https:\/\/api.w.org\/{rel}","templated":true}]}}