{"id":29331,"date":"2025-05-16T18:38:36","date_gmt":"2025-05-16T15:38:36","guid":{"rendered":"https:\/\/www.egemtv.com\/?p=29331"},"modified":"2025-05-16T18:38:42","modified_gmt":"2025-05-16T15:38:42","slug":"hisarciktan-19-haci-adayi-kutsal-topraklara-ugurlandi","status":"publish","type":"post","link":"https:\/\/www.egemtv.com\/?p=29331","title":{"rendered":"Hisarc\u0131k\u2019tan 19 hac\u0131 aday\u0131 kutsal topraklara u\u011furland\u0131"},"content":{"rendered":"<p>K\u00fctahya\u2019n\u0131n Hisarc\u0131k il\u00e7esinde 19 hac\u0131 aday\u0131 dualarla kutsal topraklara u\u011furland\u0131.<br \/>\n<br \/>Bu y\u0131l il\u00e7e ve k\u00f6ylerinden Diyanet \u0130\u015fleri Ba\u015fkanl\u0131\u011f\u0131n organizasyonuyla hac farizas\u0131n\u0131 yerine getirmek \u00fczere kutsal topraklara gidecek olan 19 hac\u0131 aday\u0131 i\u00e7in Merkez \u00c7ar\u015f\u0131 Camii \u00f6n\u00fcnde u\u011furlama t\u00f6reni d\u00fczenlendi. Din g\u00f6revlileri taraf\u0131ndan okunan Kur\u2019an-\u0131 Kerim ve ilahilerin ard\u0131ndan M\u00fcft\u00fc Sebahattin Akyol\u2019un yapt\u0131\u011f\u0131 dua sonras\u0131 sevenleriyle kucakla\u015farak helalle\u015fen hac\u0131 adaylar\u0131 tekbir ve telbiyelerle kutsal topraklara u\u011furland\u0131.<br \/><\/p>\n","protected":false},"excerpt":{"rendered":"<p>K\u00fctahya\u2019n\u0131n Hisarc\u0131k il\u00e7esinde 19 hac\u0131 aday\u0131 dualarla kutsal topraklara u\u011furland\u0131. Bu y\u0131l il\u00e7e ve k\u00f6ylerinden Diyanet \u0130\u015fleri Ba\u015fkanl\u0131\u011f\u0131n organizasyonuyla hac farizas\u0131n\u0131 yerine getirmek \u00fczere kutsal topraklara gidecek olan 19 hac\u0131 aday\u0131 i\u00e7in Merkez \u00c7ar\u015f\u0131 Camii \u00f6n\u00fcnde u\u011furlama t\u00f6reni d\u00fczenlendi. Din g\u00f6revlileri taraf\u0131ndan okunan Kur\u2019an-\u0131 Kerim ve ilahilerin ard\u0131ndan M\u00fcft\u00fc Sebahattin Akyol\u2019un yapt\u0131\u011f\u0131 dua sonras\u0131 sevenleriyle&#8230;<\/p>\n","protected":false},"author":1,"featured_media":29332,"comment_status":"open","ping_status":"open","sticky":false,"template":"","format":"standard","meta":{"_crdt_document":"","footnotes":""},"categories":[123],"tags":[],"class_list":["post-29331","post","type-post","status-publish","format-standard","has-post-thumbnail","hentry","category-gundem"],"_links":{"self":[{"href":"https:\/\/www.egemtv.com\/index.php?rest_route=\/wp\/v2\/posts\/29331","targetHints":{"allow":["GET"]}}],"collection":[{"href":"https:\/\/www.egemtv.com\/index.php?rest_route=\/wp\/v2\/posts"}],"about":[{"href":"https:\/\/www.egemtv.com\/index.php?rest_route=\/wp\/v2\/types\/post"}],"author":[{"embeddable":true,"href":"https:\/\/www.egemtv.com\/index.php?rest_route=\/wp\/v2\/users\/1"}],"replies":[{"embeddable":true,"href":"https:\/\/www.egemtv.com\/index.php?rest_route=%2Fwp%2Fv2%2Fcomments&post=29331"}],"version-history":[{"count":1,"href":"https:\/\/www.egemtv.com\/index.php?rest_route=\/wp\/v2\/posts\/29331\/revisions"}],"predecessor-version":[{"id":29333,"href":"https:\/\/www.egemtv.com\/index.php?rest_route=\/wp\/v2\/posts\/29331\/revisions\/29333"}],"wp:featuredmedia":[{"embeddable":true,"href":"https:\/\/www.egemtv.com\/index.php?rest_route=\/wp\/v2\/media\/29332"}],"wp:attachment":[{"href":"https:\/\/www.egemtv.com\/index.php?rest_route=%2Fwp%2Fv2%2Fmedia&parent=29331"}],"wp:term":[{"taxonomy":"category","embeddable":true,"href":"https:\/\/www.egemtv.com\/index.php?rest_route=%2Fwp%2Fv2%2Fcategories&post=29331"},{"taxonomy":"post_tag","embeddable":true,"href":"https:\/\/www.egemtv.com\/index.php?rest_route=%2Fwp%2Fv2%2Ftags&post=29331"}],"curies":[{"name":"wp","href":"https:\/\/api.w.org\/{rel}","templated":true}]}}