{"id":29328,"date":"2025-05-16T18:38:31","date_gmt":"2025-05-16T15:38:31","guid":{"rendered":"https:\/\/www.egemtv.com\/?p=29328"},"modified":"2025-05-16T18:38:36","modified_gmt":"2025-05-16T15:38:36","slug":"manisaspor-sampiyonluk-kupasini-kaldirdi","status":"publish","type":"post","link":"https:\/\/www.egemtv.com\/?p=29328","title":{"rendered":"Manisaspor, \u015fampiyonluk kupas\u0131n\u0131 kald\u0131rd\u0131"},"content":{"rendered":"<p>Manisa S\u00fcper Amat\u00f6r Lig Yusuf Bulut Sezonu\u2019nu nama\u011flup tamamlayarak B\u00f6lgesel Amat\u00f6r Lig\u2019e y\u00fckselen Manisaspor, \u015fampiyonluk kupas\u0131na kavu\u015ftu. Siyah-beyazl\u0131 ekip i\u00e7in Tar\u0131k Alm\u0131\u015f Tesisleri\u2019nde d\u00fczenlenen t\u00f6rende b\u00fcy\u00fck co\u015fku ya\u015fand\u0131.<br \/>\n<br \/>T\u00f6rende Manisaspor\u2019un \u015fampiyonluk kupas\u0131, Manisa Amat\u00f6r Spor Kul\u00fcpleri Federasyonu (ASKF) Ba\u015fkan\u0131 Erol Timur taraf\u0131ndan tak\u0131m kaptan\u0131na takdim edildi. T\u00f6rene Manisaspor Kul\u00fcp Ba\u015fkan\u0131 Gencay Esenda\u011f, y\u00f6netim kurulu \u00fcyeleri, teknik direkt\u00f6r Erkan Aslan, teknik heyet, futbolcular ve kul\u00fcp personeli kat\u0131ld\u0131.<br \/>\n<br \/>Kupa t\u00f6reninin ard\u0131ndan siyah-beyazl\u0131 ekip, \u015fampiyonluk kupas\u0131yla birlikte hat\u0131ra foto\u011fraf\u0131 \u00e7ektirdi. Manisaspor, ligi nama\u011flup tamamlaman\u0131n ve yeniden B\u00f6lgesel Amat\u00f6r Lig\u2019e y\u00fckselmenin gururunu ya\u015farken, kutlamalar \u015fehir merkezinde de devam edecek. Manisaspor taraftarlar\u0131, bu ak\u015fam saat 19.00\u2019da 15 Temmuz Demokrasi Meydan\u0131\u2019nda d\u00fczenlenecek olan \u015fampiyonluk kutlamas\u0131na davet edildi.<br \/><\/p>\n","protected":false},"excerpt":{"rendered":"<p>Manisa S\u00fcper Amat\u00f6r Lig Yusuf Bulut Sezonu\u2019nu nama\u011flup tamamlayarak B\u00f6lgesel Amat\u00f6r Lig\u2019e y\u00fckselen Manisaspor, \u015fampiyonluk kupas\u0131na kavu\u015ftu. Siyah-beyazl\u0131 ekip i\u00e7in Tar\u0131k Alm\u0131\u015f Tesisleri\u2019nde d\u00fczenlenen t\u00f6rende b\u00fcy\u00fck co\u015fku ya\u015fand\u0131. T\u00f6rende Manisaspor\u2019un \u015fampiyonluk kupas\u0131, Manisa Amat\u00f6r Spor Kul\u00fcpleri Federasyonu (ASKF) Ba\u015fkan\u0131 Erol Timur taraf\u0131ndan tak\u0131m kaptan\u0131na takdim edildi. T\u00f6rene Manisaspor Kul\u00fcp Ba\u015fkan\u0131 Gencay Esenda\u011f, y\u00f6netim kurulu \u00fcyeleri,&#8230;<\/p>\n","protected":false},"author":1,"featured_media":29329,"comment_status":"open","ping_status":"open","sticky":false,"template":"","format":"standard","meta":{"_crdt_document":"","footnotes":""},"categories":[4],"tags":[],"class_list":["post-29328","post","type-post","status-publish","format-standard","has-post-thumbnail","hentry","category-spor"],"_links":{"self":[{"href":"https:\/\/www.egemtv.com\/index.php?rest_route=\/wp\/v2\/posts\/29328","targetHints":{"allow":["GET"]}}],"collection":[{"href":"https:\/\/www.egemtv.com\/index.php?rest_route=\/wp\/v2\/posts"}],"about":[{"href":"https:\/\/www.egemtv.com\/index.php?rest_route=\/wp\/v2\/types\/post"}],"author":[{"embeddable":true,"href":"https:\/\/www.egemtv.com\/index.php?rest_route=\/wp\/v2\/users\/1"}],"replies":[{"embeddable":true,"href":"https:\/\/www.egemtv.com\/index.php?rest_route=%2Fwp%2Fv2%2Fcomments&post=29328"}],"version-history":[{"count":1,"href":"https:\/\/www.egemtv.com\/index.php?rest_route=\/wp\/v2\/posts\/29328\/revisions"}],"predecessor-version":[{"id":29330,"href":"https:\/\/www.egemtv.com\/index.php?rest_route=\/wp\/v2\/posts\/29328\/revisions\/29330"}],"wp:featuredmedia":[{"embeddable":true,"href":"https:\/\/www.egemtv.com\/index.php?rest_route=\/wp\/v2\/media\/29329"}],"wp:attachment":[{"href":"https:\/\/www.egemtv.com\/index.php?rest_route=%2Fwp%2Fv2%2Fmedia&parent=29328"}],"wp:term":[{"taxonomy":"category","embeddable":true,"href":"https:\/\/www.egemtv.com\/index.php?rest_route=%2Fwp%2Fv2%2Fcategories&post=29328"},{"taxonomy":"post_tag","embeddable":true,"href":"https:\/\/www.egemtv.com\/index.php?rest_route=%2Fwp%2Fv2%2Ftags&post=29328"}],"curies":[{"name":"wp","href":"https:\/\/api.w.org\/{rel}","templated":true}]}}