{"id":29325,"date":"2025-05-16T18:22:04","date_gmt":"2025-05-16T15:22:04","guid":{"rendered":"https:\/\/www.egemtv.com\/?p=29325"},"modified":"2025-05-16T18:22:10","modified_gmt":"2025-05-16T15:22:10","slug":"muglada-sosyal-guvenlik-haftasi-coskuyla-kutlandi","status":"publish","type":"post","link":"https:\/\/www.egemtv.com\/?p=29325","title":{"rendered":"Mu\u011fla\u2019da sosyal g\u00fcvenlik haftas\u0131 co\u015fkuyla kutland\u0131"},"content":{"rendered":"<p>Mu\u011fla Sosyal G\u00fcvenlik \u0130l M\u00fcd\u00fcrl\u00fc\u011f\u00fc, Sosyal G\u00fcvenlik haftas\u0131 kapsam\u0131nda personelin motivasyonunu art\u0131rmak ve kurumsal ba\u011fl\u0131l\u0131\u011f\u0131 g\u00fc\u00e7lendirmek amac\u0131yla e\u011fitim, seminer, sportif ve k\u00fclt\u00fcrel etkinlikler d\u00fczenledi.<\/p>\n<p>Mu\u011fla Sosyal G\u00fcvenlik \u0130l M\u00fcd\u00fcr\u00fc \u00d6zkan Arslan \u00f6nc\u00fcl\u00fc\u011f\u00fcnde organize edilen etkinliklerde, hem geleneksel hem de modern oyunlarla hafta renkli anlara sahne oldu. \u0130l M\u00fcd\u00fcrl\u00fck binas\u0131 ve \u00e7e\u015fitli etkinlik alanlar\u0131nda ger\u00e7ekle\u015ftirilen organizasyonlara 313 personel ve yak\u0131nlar\u0131 aktif olarak kat\u0131ld\u0131.<\/p>\n<p>Hafta kapsam\u0131nda d\u00fczenlenen e\u011flenceli yar\u0131\u015fmalar aras\u0131nda; Ka\u015f\u0131kla yumurta ta\u015f\u0131ma, \u00c7uval i\u00e7inde ko\u015fma, Tek parmakta sopa ta\u015f\u0131ma, Halat \u00e7ekme gibi geleneksel oyunlar yer ald\u0131.<\/p>\n<p>Ayr\u0131ca daha rekabet\u00e7i ve bireysel yetenek gerektiren sporlar da kat\u0131l\u0131mc\u0131lar\u0131n ilgisini \u00e7ekti. Bunlar aras\u0131nda; Tekler ve \u00e7iftler masa tenisi, Dart, \u00dc\u00e7 bant bilardo, Lang\u0131rt, Voleybol, Ayak voleybolu, Oryantiring gibi spor etkinlikleri ile birlikte, bilgi yar\u0131\u015fmas\u0131 ve mini konser etkinli\u011fi de yer ald\u0131.<\/p>\n<p>Etkinlik sonunda dereceye giren yar\u0131\u015fmac\u0131lara \u00f6d\u00fclleri takdim edildi. Hem yar\u0131\u015fmac\u0131lar hem de izleyiciler keyifli bir hafta ge\u00e7irirken, etkinlikler kurum i\u00e7i dayan\u0131\u015fmay\u0131 ve birlik ruhunu peki\u015ftirdi.<\/p>\n<p>Mu\u011fla SGK \u0130l M\u00fcd\u00fcr\u00fc \u00d6zkan Arslan, etkinliklerin sonunda yapt\u0131\u011f\u0131 a\u00e7\u0131klamada; &#8220;Sosyal G\u00fcvenlik Haftas\u0131, yaln\u0131zca sosyal g\u00fcvenlik bilincini art\u0131rmak i\u00e7in de\u011fil, ayn\u0131 zamanda kurum \u00e7al\u0131\u015fanlar\u0131m\u0131z\u0131n moral ve motivasyonunu y\u00fckseltmek i\u00e7in de \u00f6nemli bir f\u0131rsat. Kat\u0131l\u0131m sa\u011flayan t\u00fcm personelimize ve ailelerine te\u015fekk\u00fcr ediyorum&#8221; ifadelerini kulland\u0131.<br \/><\/p>\n","protected":false},"excerpt":{"rendered":"<p>Mu\u011fla Sosyal G\u00fcvenlik \u0130l M\u00fcd\u00fcrl\u00fc\u011f\u00fc, Sosyal G\u00fcvenlik haftas\u0131 kapsam\u0131nda personelin motivasyonunu art\u0131rmak ve kurumsal ba\u011fl\u0131l\u0131\u011f\u0131 g\u00fc\u00e7lendirmek amac\u0131yla e\u011fitim, seminer, sportif ve k\u00fclt\u00fcrel etkinlikler d\u00fczenledi. Mu\u011fla Sosyal G\u00fcvenlik \u0130l M\u00fcd\u00fcr\u00fc \u00d6zkan Arslan \u00f6nc\u00fcl\u00fc\u011f\u00fcnde organize edilen etkinliklerde, hem geleneksel hem de modern oyunlarla hafta renkli anlara sahne oldu. \u0130l M\u00fcd\u00fcrl\u00fck binas\u0131 ve \u00e7e\u015fitli etkinlik alanlar\u0131nda ger\u00e7ekle\u015ftirilen organizasyonlara&#8230;<\/p>\n","protected":false},"author":1,"featured_media":29326,"comment_status":"open","ping_status":"open","sticky":false,"template":"","format":"standard","meta":{"_crdt_document":"","footnotes":""},"categories":[1],"tags":[],"class_list":["post-29325","post","type-post","status-publish","format-standard","has-post-thumbnail","hentry","category-guncel"],"_links":{"self":[{"href":"https:\/\/www.egemtv.com\/index.php?rest_route=\/wp\/v2\/posts\/29325","targetHints":{"allow":["GET"]}}],"collection":[{"href":"https:\/\/www.egemtv.com\/index.php?rest_route=\/wp\/v2\/posts"}],"about":[{"href":"https:\/\/www.egemtv.com\/index.php?rest_route=\/wp\/v2\/types\/post"}],"author":[{"embeddable":true,"href":"https:\/\/www.egemtv.com\/index.php?rest_route=\/wp\/v2\/users\/1"}],"replies":[{"embeddable":true,"href":"https:\/\/www.egemtv.com\/index.php?rest_route=%2Fwp%2Fv2%2Fcomments&post=29325"}],"version-history":[{"count":1,"href":"https:\/\/www.egemtv.com\/index.php?rest_route=\/wp\/v2\/posts\/29325\/revisions"}],"predecessor-version":[{"id":29327,"href":"https:\/\/www.egemtv.com\/index.php?rest_route=\/wp\/v2\/posts\/29325\/revisions\/29327"}],"wp:featuredmedia":[{"embeddable":true,"href":"https:\/\/www.egemtv.com\/index.php?rest_route=\/wp\/v2\/media\/29326"}],"wp:attachment":[{"href":"https:\/\/www.egemtv.com\/index.php?rest_route=%2Fwp%2Fv2%2Fmedia&parent=29325"}],"wp:term":[{"taxonomy":"category","embeddable":true,"href":"https:\/\/www.egemtv.com\/index.php?rest_route=%2Fwp%2Fv2%2Fcategories&post=29325"},{"taxonomy":"post_tag","embeddable":true,"href":"https:\/\/www.egemtv.com\/index.php?rest_route=%2Fwp%2Fv2%2Ftags&post=29325"}],"curies":[{"name":"wp","href":"https:\/\/api.w.org\/{rel}","templated":true}]}}