{"id":29322,"date":"2025-05-16T17:55:52","date_gmt":"2025-05-16T14:55:52","guid":{"rendered":"https:\/\/www.egemtv.com\/?p=29322"},"modified":"2025-05-16T17:55:57","modified_gmt":"2025-05-16T14:55:57","slug":"kriket-gencler-turkiye-sampiyonasi-heyecani-denizlide-yasandi","status":"publish","type":"post","link":"https:\/\/www.egemtv.com\/?p=29322","title":{"rendered":"Kriket gen\u00e7ler T\u00fcrkiye \u015fampiyonas\u0131 heyecan\u0131 Denizli\u2019de ya\u015fand\u0131"},"content":{"rendered":"<p>Okul Sporlar\u0131 Kriket Gen\u00e7ler T\u00fcrkiye \u015eampiyonas\u0131,  Denizli\u2019nin ev sahipli\u011finde ger\u00e7ekle\u015fti. 5 ayr\u0131 sahada bin 395 sporcunun m\u00fccadele etti\u011fi \u015fampiyona sonunda dereceye giren tak\u0131mlara \u00f6d\u00fclleri takdim edildi.<\/p>\n<p>Gen\u00e7lik ve Spor Bakanl\u0131\u011f\u0131 koordinesinde d\u00fczenlenen Okul Sporlar\u0131 Yar\u0131\u015fmalar\u0131 farkl\u0131 Bran\u015flarda devam ediyor. 10-16 May\u0131s 2025 tarihleri aras\u0131nda Denizli, Kriket Gen\u00e7ler T\u00fcrkiye \u015eampiyonas\u0131\u2019na ev sahipli\u011fi yapt\u0131. Akk\u00f6y, Zafer Katranc\u0131, K\u0131n\u0131kl\u0131, Ba\u015fkarc\u0131 ve Akvadi Futbol Sahas\u0131 dahil toplam 5 ayr\u0131 sahada oynanan ma\u00e7larda, 28 ilden 93 tak\u0131m ve toplamda bin 395 sporcu k\u0131yas\u0131ya m\u00fccadele etti. Yedi g\u00fcn s\u00fcren kar\u015f\u0131la\u015fmalar sonunda dereceye giren sporculara madalyalar\u0131 takdim edildi.<\/p>\n<p>Denizli Gen\u00e7lik ve Spor \u0130l M\u00fcd\u00fcrl\u00fc\u011f\u00fc taraf\u0131ndan organize edilen turnuvada dereceye giren tak\u0131mlar da belirlendi. Erkekler kategorisinde birincili\u011fi Afyonkarahisar Spor Lisesi al\u0131rken ikincili\u011fi Sivas Ahmet Ay\u0131k Spor Lisesi, \u00fc\u00e7\u00fcnc\u00fcl\u00fc\u011f\u00fc Gaziantep Nizip Spor Lisesi, d\u00f6rd\u00fcnc\u00fcl\u00fc\u011f\u00fc ise Mu\u015f Spor Lisesi elde etti. K\u0131zlar kategorisinde ise \u015fampiyonlu\u011fu Amasya Suluova \u015eehit Metehan Atmaca Anadolu Lisesi, ikincili\u011fi Mu\u015f Spor Lisesi, \u00fc\u00e7\u00fcnc\u00fcl\u00fc\u011f\u00fc Gaziantep Nizip Spor Lisesi, d\u00f6rd\u00fcnc\u00fcl\u00fc\u011f\u00fc ise Kocaeli Gebze Anadolu Lisesi ald\u0131. Dereceye giren tak\u0131mlara madalya ve kupalar\u0131, Gen\u00e7lik ve Spor \u0130l M\u00fcd\u00fcr\u00fc S\u00fcleyman Erdo\u011fan taraf\u0131ndan takdim edildi.<br \/><\/p>\n","protected":false},"excerpt":{"rendered":"<p>Okul Sporlar\u0131 Kriket Gen\u00e7ler T\u00fcrkiye \u015eampiyonas\u0131, Denizli\u2019nin ev sahipli\u011finde ger\u00e7ekle\u015fti. 5 ayr\u0131 sahada bin 395 sporcunun m\u00fccadele etti\u011fi \u015fampiyona sonunda dereceye giren tak\u0131mlara \u00f6d\u00fclleri takdim edildi. Gen\u00e7lik ve Spor Bakanl\u0131\u011f\u0131 koordinesinde d\u00fczenlenen Okul Sporlar\u0131 Yar\u0131\u015fmalar\u0131 farkl\u0131 Bran\u015flarda devam ediyor. 10-16 May\u0131s 2025 tarihleri aras\u0131nda Denizli, Kriket Gen\u00e7ler T\u00fcrkiye \u015eampiyonas\u0131\u2019na ev sahipli\u011fi yapt\u0131. Akk\u00f6y, Zafer Katranc\u0131,&#8230;<\/p>\n","protected":false},"author":1,"featured_media":29323,"comment_status":"open","ping_status":"open","sticky":false,"template":"","format":"standard","meta":{"_crdt_document":"","footnotes":""},"categories":[4],"tags":[],"class_list":["post-29322","post","type-post","status-publish","format-standard","has-post-thumbnail","hentry","category-spor"],"_links":{"self":[{"href":"https:\/\/www.egemtv.com\/index.php?rest_route=\/wp\/v2\/posts\/29322","targetHints":{"allow":["GET"]}}],"collection":[{"href":"https:\/\/www.egemtv.com\/index.php?rest_route=\/wp\/v2\/posts"}],"about":[{"href":"https:\/\/www.egemtv.com\/index.php?rest_route=\/wp\/v2\/types\/post"}],"author":[{"embeddable":true,"href":"https:\/\/www.egemtv.com\/index.php?rest_route=\/wp\/v2\/users\/1"}],"replies":[{"embeddable":true,"href":"https:\/\/www.egemtv.com\/index.php?rest_route=%2Fwp%2Fv2%2Fcomments&post=29322"}],"version-history":[{"count":1,"href":"https:\/\/www.egemtv.com\/index.php?rest_route=\/wp\/v2\/posts\/29322\/revisions"}],"predecessor-version":[{"id":29324,"href":"https:\/\/www.egemtv.com\/index.php?rest_route=\/wp\/v2\/posts\/29322\/revisions\/29324"}],"wp:featuredmedia":[{"embeddable":true,"href":"https:\/\/www.egemtv.com\/index.php?rest_route=\/wp\/v2\/media\/29323"}],"wp:attachment":[{"href":"https:\/\/www.egemtv.com\/index.php?rest_route=%2Fwp%2Fv2%2Fmedia&parent=29322"}],"wp:term":[{"taxonomy":"category","embeddable":true,"href":"https:\/\/www.egemtv.com\/index.php?rest_route=%2Fwp%2Fv2%2Fcategories&post=29322"},{"taxonomy":"post_tag","embeddable":true,"href":"https:\/\/www.egemtv.com\/index.php?rest_route=%2Fwp%2Fv2%2Ftags&post=29322"}],"curies":[{"name":"wp","href":"https:\/\/api.w.org\/{rel}","templated":true}]}}