{"id":29319,"date":"2025-05-16T17:55:43","date_gmt":"2025-05-16T14:55:43","guid":{"rendered":"https:\/\/www.egemtv.com\/?p=29319"},"modified":"2025-05-16T17:55:52","modified_gmt":"2025-05-16T14:55:52","slug":"avrupa-film-gunleri-denizlide-basliyor","status":"publish","type":"post","link":"https:\/\/www.egemtv.com\/?p=29319","title":{"rendered":"Avrupa Film G\u00fcnleri, Denizli\u2019de ba\u015fl\u0131yor"},"content":{"rendered":"<p>Avrupa Birli\u011fi (AB) T\u00fcrkiye Delegasyonu ve Denizli Sanayi Odas\u0131 i\u015f birli\u011fiyle d\u00fczenlenen \u2018Avrupa Film G\u00fcnleri\u2019 Denizli\u2019de ba\u015fl\u0131yor. 22-25 May\u0131s tarihlerinde aras\u0131nda 4 g\u00fcn boyunca \u00fccretsiz film g\u00f6sterimlerinin yap\u0131laca\u011f\u0131 bu etkinlikte, Avrupa\u2019n\u0131n se\u00e7kin filmleri sinemaseverler ile bulu\u015facak.<\/p>\n<p>Avrupa Birli\u011fi (AB) T\u00fcrkiye Delegasyonu, AB \u00dcye Devletlerinin B\u00fcy\u00fckel\u00e7ilikleri, AB K\u00fclt\u00fcr Enstit\u00fcleri ve \u00e7e\u015fitli AB Bilgi Merkezlerinin i\u015f birli\u011fiyle d\u00fczenlenen \u2018Avrupa Film G\u00fcnleri\u2019 Denizli\u2019de ba\u015fl\u0131yor. Denizli Sanayi Odas\u0131 (DSO) b\u00fcnyesinde faaliyetlerine devam eden Denizli AB Bilgi Merkezi koordinasyonu ve AB T\u00fcrkiye Delegasyonu i\u015f birli\u011finde yap\u0131lan etkinlik, bu y\u0131l 22-25 May\u0131s tarihlerinde ger\u00e7ekle\u015ftirilecek. 4 g\u00fcn boyunca \u00fccretsiz film g\u00f6sterimlerinin yap\u0131laca\u011f\u0131 bu etkinlikte, Avrupa\u2019n\u0131n se\u00e7kin filmleri sinemaseverler ile bulu\u015facak. Bu etkinlikte sinemaseverler, Avrupa\u2019n\u0131n k\u00fclt\u00fcrel zenginli\u011fini yans\u0131tan, \u00e7arp\u0131c\u0131 ve ilham verici filmleri, beyazperdede izleme imk\u00e2n\u0131 bulacak.<\/p>\n<p>Denizli AB Bilgi Merkezi Koordinat\u00f6r\u00fc Cansun \u00d6zd\u00fclger ise &#8220;Denizli AB Bilgi Merkezi olarak, Avrupa Birli\u011fi T\u00fcrkiye Delegasyonu i\u015f birli\u011fiyle bu y\u0131l da Avrupa Film G\u00fcnleri\u2019ne ev sahipli\u011fi yapmaktan b\u00fcy\u00fck heyecan duyuyoruz. Bu anlaml\u0131 etkinlik, Avrupa\u2019n\u0131n zengin k\u00fclt\u00fcrel miras\u0131n\u0131 ve sinemas\u0131n\u0131n \u00e7e\u015fitlili\u011fini Denizlili sinemaseverlerle bulu\u015fturuyor. 22-25 May\u0131s tarihleri aras\u0131nda Forum \u00c7aml\u0131k CineNova Sinemalar\u0131\u2019nda ger\u00e7ekle\u015fecek olan g\u00f6sterimlerimizde, Almanya\u2019dan \u0130sve\u00e7\u2019e kadar 14 farkl\u0131 Avrupa \u00fclkesinden \u00f6d\u00fcll\u00fc ve dikkat \u00e7ekici filmler yer alacak. Amac\u0131m\u0131z, sineman\u0131n evrensel dili arac\u0131l\u0131\u011f\u0131yla farkl\u0131 k\u00fclt\u00fcrler aras\u0131nda bir k\u00f6pr\u00fc kurmak ve izleyicilere yeni bak\u0131\u015f a\u00e7\u0131lar\u0131 sunmakt\u0131r. B\u00fcy\u00fckel\u00e7i Thomas Ossowski\u2019nin de belirtti\u011fi gibi, Avrupa sinemas\u0131 sadece sanatsal bir ifade bi\u00e7imi de\u011fil, ayn\u0131 zamanda d\u00fcnyay\u0131 anlama ve farkl\u0131l\u0131klara sayg\u0131 duyma yolunda \u00f6nemli bir ara\u00e7t\u0131r. Denizli olarak, T\u00fcrkiye\u2019deki 10 \u015fehirle birlikte bu \u00f6zel etkinli\u011fin bir par\u00e7as\u0131 olmaktan mutluluk duyuyoruz. T\u00fcm sinemaseverleri bu unutulmaz deneyimi ya\u015famaya davet ediyoruz&#8221; dedi.<br \/><\/p>\n","protected":false},"excerpt":{"rendered":"<p>Avrupa Birli\u011fi (AB) T\u00fcrkiye Delegasyonu ve Denizli Sanayi Odas\u0131 i\u015f birli\u011fiyle d\u00fczenlenen \u2018Avrupa Film G\u00fcnleri\u2019 Denizli\u2019de ba\u015fl\u0131yor. 22-25 May\u0131s tarihlerinde aras\u0131nda 4 g\u00fcn boyunca \u00fccretsiz film g\u00f6sterimlerinin yap\u0131laca\u011f\u0131 bu etkinlikte, Avrupa\u2019n\u0131n se\u00e7kin filmleri sinemaseverler ile bulu\u015facak. Avrupa Birli\u011fi (AB) T\u00fcrkiye Delegasyonu, AB \u00dcye Devletlerinin B\u00fcy\u00fckel\u00e7ilikleri, AB K\u00fclt\u00fcr Enstit\u00fcleri ve \u00e7e\u015fitli AB Bilgi Merkezlerinin i\u015f birli\u011fiyle&#8230;<\/p>\n","protected":false},"author":1,"featured_media":29320,"comment_status":"open","ping_status":"open","sticky":false,"template":"","format":"standard","meta":{"_crdt_document":"","footnotes":""},"categories":[1],"tags":[],"class_list":["post-29319","post","type-post","status-publish","format-standard","has-post-thumbnail","hentry","category-guncel"],"_links":{"self":[{"href":"https:\/\/www.egemtv.com\/index.php?rest_route=\/wp\/v2\/posts\/29319","targetHints":{"allow":["GET"]}}],"collection":[{"href":"https:\/\/www.egemtv.com\/index.php?rest_route=\/wp\/v2\/posts"}],"about":[{"href":"https:\/\/www.egemtv.com\/index.php?rest_route=\/wp\/v2\/types\/post"}],"author":[{"embeddable":true,"href":"https:\/\/www.egemtv.com\/index.php?rest_route=\/wp\/v2\/users\/1"}],"replies":[{"embeddable":true,"href":"https:\/\/www.egemtv.com\/index.php?rest_route=%2Fwp%2Fv2%2Fcomments&post=29319"}],"version-history":[{"count":1,"href":"https:\/\/www.egemtv.com\/index.php?rest_route=\/wp\/v2\/posts\/29319\/revisions"}],"predecessor-version":[{"id":29321,"href":"https:\/\/www.egemtv.com\/index.php?rest_route=\/wp\/v2\/posts\/29319\/revisions\/29321"}],"wp:featuredmedia":[{"embeddable":true,"href":"https:\/\/www.egemtv.com\/index.php?rest_route=\/wp\/v2\/media\/29320"}],"wp:attachment":[{"href":"https:\/\/www.egemtv.com\/index.php?rest_route=%2Fwp%2Fv2%2Fmedia&parent=29319"}],"wp:term":[{"taxonomy":"category","embeddable":true,"href":"https:\/\/www.egemtv.com\/index.php?rest_route=%2Fwp%2Fv2%2Fcategories&post=29319"},{"taxonomy":"post_tag","embeddable":true,"href":"https:\/\/www.egemtv.com\/index.php?rest_route=%2Fwp%2Fv2%2Ftags&post=29319"}],"curies":[{"name":"wp","href":"https:\/\/api.w.org\/{rel}","templated":true}]}}