{"id":29316,"date":"2025-05-16T17:35:51","date_gmt":"2025-05-16T14:35:51","guid":{"rendered":"https:\/\/www.egemtv.com\/?p=29316"},"modified":"2025-05-16T17:35:56","modified_gmt":"2025-05-16T14:35:56","slug":"koycegiz-dogusbelende-400-dekar-meralik-alan-acildi","status":"publish","type":"post","link":"https:\/\/www.egemtv.com\/?p=29316","title":{"rendered":"K\u00f6yce\u011fiz D\u00f6\u011f\u00fc\u015fbelen\u2019de 400 dekar meral\u0131k alan a\u00e7\u0131ld\u0131"},"content":{"rendered":"<p>Mu\u011fla \u0130l Tar\u0131m ve Orman M\u00fcd\u00fcrl\u00fc\u011f\u00fc\u2019nce y\u00fcr\u00fct\u00fclen Mera Islah ve Amenajman Projeleri kapsam\u0131nda, K\u00f6yce\u011fiz il\u00e7esi D\u00f6\u011f\u00fc\u015fbelen Mahallesi\u2019nde bulunan mera alan\u0131 d\u00fczenlenen t\u00f6renle hizmete a\u00e7\u0131ld\u0131.<br \/>\n<br \/>A\u00e7\u0131l\u0131\u015f t\u00f6renine K\u00f6yce\u011fiz Kaymakam\u0131 Mustafa Maslak, K\u00f6yce\u011fiz Belediye Ba\u015fkan\u0131 Ali Erdo\u011fan, \u0130l Tar\u0131m ve Orman M\u00fcd\u00fcr\u00fc Seyfettin Baydar, kurum amirleri, muhtarlar, sivil toplum kurulu\u015flar\u0131n\u0131n temsilcileri ve \u00e7ok say\u0131da \u00fcretici kat\u0131ld\u0131.<br \/>\n<br \/>Mera a\u00e7\u0131l\u0131\u015f\u0131nda konu\u015fan \u0130l Tar\u0131m ve Orman M\u00fcd\u00fcr\u00fc Seyfettin Baydar, meralar\u0131n hayvanc\u0131l\u0131k a\u00e7\u0131s\u0131ndan ta\u015f\u0131d\u0131\u011f\u0131 \u00f6neme dikkat \u00e7ekti. Baydar, &#8220;Meralar; hayvanlar\u0131n otlat\u0131lmas\u0131 ve otundan yararlan\u0131lmas\u0131 i\u00e7in tahsis edilen, kamu orta mal\u0131 stat\u00fcs\u00fcndeki alanlard\u0131r. Hayvanlar\u0131n g\u00fcnl\u00fck kaba yem ihtiyac\u0131n\u0131n kar\u015f\u0131lanabilece\u011fi en ekonomik yerlerdir. Ayr\u0131ca meralar, su kaynaklar\u0131n\u0131n korunmas\u0131, biyolojik \u00e7e\u015fitlili\u011fin s\u00fcrd\u00fcr\u00fclmesi, erozyonun \u00f6nlenmesi ve ar\u0131c\u0131l\u0131k faaliyetleri a\u00e7\u0131s\u0131ndan da b\u00fcy\u00fck \u00f6nem ta\u015f\u0131r&#8221; dedi.<br \/>\n<br \/>Baydar, Mu\u011fla\u2019n\u0131n y\u00fczde 66\u2019s\u0131n\u0131n ormanlarla kapl\u0131 oldu\u011funu ve toplam 2 milyon 71 bin dekar tar\u0131m alan\u0131 i\u00e7inde yaln\u0131zca yakla\u015f\u0131k 160 bin dekar alan\u0131n \u00e7ay\u0131r ve mera olarak de\u011ferlendirilebildi\u011fini belirtti. 2025 y\u0131l\u0131 itibar\u0131yla il genelinde 40 bin dekar meran\u0131n \u0131slah\u0131n\u0131n tamamlanm\u0131\u015f olaca\u011f\u0131n\u0131 vurgulayan Baydar, bu rakam\u0131n Mu\u011fla\u2019daki mera, yaylak ve k\u0131\u015flak alanlar\u0131n\u0131n yakla\u015f\u0131k y\u00fczde 25\u2019ine kar\u015f\u0131l\u0131k geldi\u011fini s\u00f6yledi.<br \/>\n<br \/>Mera \u0131slah projelerinde \u00fc\u00e7 ana unsura dikkat ettiklerini ifade eden Baydar, bu unsurlar\u0131 \u015f\u00f6yle s\u0131ralad\u0131: &#8220;Birincisi, yabanc\u0131 ot ve \u00e7al\u0131lar\u0131n temizlenmesi, g\u00fcbreleme ve tohumlama ile ot veriminin art\u0131r\u0131lmas\u0131. \u0130kincisi, g\u00f6lgelik ve s\u0131vat gibi yap\u0131larla hayvan refah\u0131n\u0131n sa\u011flanmas\u0131. \u00dc\u00e7\u00fcnc\u00fcs\u00fc ise ya\u015f ortalamas\u0131 olduk\u00e7a y\u00fcksek olan yayla \u00e7obanlar\u0131m\u0131z ve aileleri i\u00e7in ya\u015fam \u015fartlar\u0131n\u0131n iyile\u015ftirilmesidir&#8221;<br \/>\n<br \/>Bu \u00e7al\u0131\u015fma ile K\u00f6yce\u011fiz \u0130l\u00e7esi D\u00f6\u011f\u00fc\u015fbelen Mahallesinde yakla\u015f\u0131k 400 dekar alanda toplam b\u00fct\u00e7esi 800 bin TL olan, 2023 y\u0131l\u0131nda ba\u015flanan Mera Islah ve Amenajman projesi, Bakanl\u0131k imk\u00e2nlar\u0131 kullan\u0131larak 2025 y\u0131l\u0131 itibariyle tamamlanarak \u00e7ift\u00e7ilerin kullan\u0131m\u0131na sunuldu.<br \/><\/p>\n","protected":false},"excerpt":{"rendered":"<p>Mu\u011fla \u0130l Tar\u0131m ve Orman M\u00fcd\u00fcrl\u00fc\u011f\u00fc\u2019nce y\u00fcr\u00fct\u00fclen Mera Islah ve Amenajman Projeleri kapsam\u0131nda, K\u00f6yce\u011fiz il\u00e7esi D\u00f6\u011f\u00fc\u015fbelen Mahallesi\u2019nde bulunan mera alan\u0131 d\u00fczenlenen t\u00f6renle hizmete a\u00e7\u0131ld\u0131. A\u00e7\u0131l\u0131\u015f t\u00f6renine K\u00f6yce\u011fiz Kaymakam\u0131 Mustafa Maslak, K\u00f6yce\u011fiz Belediye Ba\u015fkan\u0131 Ali Erdo\u011fan, \u0130l Tar\u0131m ve Orman M\u00fcd\u00fcr\u00fc Seyfettin Baydar, kurum amirleri, muhtarlar, sivil toplum kurulu\u015flar\u0131n\u0131n temsilcileri ve \u00e7ok say\u0131da \u00fcretici kat\u0131ld\u0131. Mera&#8230;<\/p>\n","protected":false},"author":1,"featured_media":29317,"comment_status":"open","ping_status":"open","sticky":false,"template":"","format":"standard","meta":{"_crdt_document":"","footnotes":""},"categories":[125],"tags":[],"class_list":["post-29316","post","type-post","status-publish","format-standard","has-post-thumbnail","hentry","category-ekonomi"],"_links":{"self":[{"href":"https:\/\/www.egemtv.com\/index.php?rest_route=\/wp\/v2\/posts\/29316","targetHints":{"allow":["GET"]}}],"collection":[{"href":"https:\/\/www.egemtv.com\/index.php?rest_route=\/wp\/v2\/posts"}],"about":[{"href":"https:\/\/www.egemtv.com\/index.php?rest_route=\/wp\/v2\/types\/post"}],"author":[{"embeddable":true,"href":"https:\/\/www.egemtv.com\/index.php?rest_route=\/wp\/v2\/users\/1"}],"replies":[{"embeddable":true,"href":"https:\/\/www.egemtv.com\/index.php?rest_route=%2Fwp%2Fv2%2Fcomments&post=29316"}],"version-history":[{"count":1,"href":"https:\/\/www.egemtv.com\/index.php?rest_route=\/wp\/v2\/posts\/29316\/revisions"}],"predecessor-version":[{"id":29318,"href":"https:\/\/www.egemtv.com\/index.php?rest_route=\/wp\/v2\/posts\/29316\/revisions\/29318"}],"wp:featuredmedia":[{"embeddable":true,"href":"https:\/\/www.egemtv.com\/index.php?rest_route=\/wp\/v2\/media\/29317"}],"wp:attachment":[{"href":"https:\/\/www.egemtv.com\/index.php?rest_route=%2Fwp%2Fv2%2Fmedia&parent=29316"}],"wp:term":[{"taxonomy":"category","embeddable":true,"href":"https:\/\/www.egemtv.com\/index.php?rest_route=%2Fwp%2Fv2%2Fcategories&post=29316"},{"taxonomy":"post_tag","embeddable":true,"href":"https:\/\/www.egemtv.com\/index.php?rest_route=%2Fwp%2Fv2%2Ftags&post=29316"}],"curies":[{"name":"wp","href":"https:\/\/api.w.org\/{rel}","templated":true}]}}