{"id":29313,"date":"2025-05-16T17:17:39","date_gmt":"2025-05-16T14:17:39","guid":{"rendered":"https:\/\/www.egemtv.com\/?p=29313"},"modified":"2025-05-16T17:17:45","modified_gmt":"2025-05-16T14:17:45","slug":"hisarcikta-kilo-kontrolu-uygulamasi","status":"publish","type":"post","link":"https:\/\/www.egemtv.com\/?p=29313","title":{"rendered":"Hisarc\u0131k\u2019ta &#8220;Kilo kontrol\u00fc&#8221; uygulamas\u0131"},"content":{"rendered":"<p>Sa\u011fl\u0131k Bakanl\u0131\u011f\u0131 taraf\u0131ndan ba\u015flat\u0131lan &#8220;\u0130deal Kilonu \u00d6\u011fren, Sa\u011fl\u0131kl\u0131 Ya\u015fa&#8221; projesi \u00e7er\u00e7evesinde K\u00fctahya\u2019n\u0131n Hisarc\u0131k il\u00e7esinde kat\u0131l\u0131mc\u0131lar\u0131n boy ve kilo \u00f6l\u00e7\u00fcmlerini yap\u0131larak v\u00fccut kitle indeksi hesaplan\u0131yor.<br \/>\n<br \/>T\u00fcrkiye\u2019de artan obezite prevalans\u0131na fark\u0131ndal\u0131k olu\u015fturmak amac\u0131yla Hisarc\u0131k \u0130l\u00e7e Devlet Hastanesi taraf\u0131ndan &#8220;\u0130deal Kilonu \u00d6\u011fren, Sa\u011fl\u0131kl\u0131 Ya\u015fa&#8221; projesi \u00e7er\u00e7evesinde Cumhuriyet Meydan\u0131nda boy, kilo \u00f6l\u00e7\u00fcm stand\u0131 kuruldu. Hastane personelleri \u00d6zlem Erdo\u011fmu\u015f At\u0131\u015f, Emine Nur Da\u015fkaya ve Aliye G\u00fcm\u00fc\u015fsoy taraf\u0131ndan standa m\u00fcracaat eden kat\u0131l\u0131mc\u0131lar\u0131n boy ve kilo \u00f6l\u00e7\u00fcmleri yap\u0131larak v\u00fccut kitle indeksi (VK\u0130) hesaplan\u0131yor. V\u00fccut Kitle \u0130ndeksi (VK\u0130) de\u011feri 25\u2019in \u00fczerinde \u00e7\u0131kan bireyler, sa\u011fl\u0131kl\u0131 beslenme ve ya\u015fam tarz\u0131 hakk\u0131nda bilgilendiriliyor. Riskli grupta g\u00f6r\u00fclen ki\u015filere sa\u011fl\u0131kl\u0131 hayat merkezlerine ba\u015fvurmalar\u0131 \u00f6nerisinde bulunuluyor.<br \/><\/p>\n","protected":false},"excerpt":{"rendered":"<p>Sa\u011fl\u0131k Bakanl\u0131\u011f\u0131 taraf\u0131ndan ba\u015flat\u0131lan &#8220;\u0130deal Kilonu \u00d6\u011fren, Sa\u011fl\u0131kl\u0131 Ya\u015fa&#8221; projesi \u00e7er\u00e7evesinde K\u00fctahya\u2019n\u0131n Hisarc\u0131k il\u00e7esinde kat\u0131l\u0131mc\u0131lar\u0131n boy ve kilo \u00f6l\u00e7\u00fcmlerini yap\u0131larak v\u00fccut kitle indeksi hesaplan\u0131yor. T\u00fcrkiye\u2019de artan obezite prevalans\u0131na fark\u0131ndal\u0131k olu\u015fturmak amac\u0131yla Hisarc\u0131k \u0130l\u00e7e Devlet Hastanesi taraf\u0131ndan &#8220;\u0130deal Kilonu \u00d6\u011fren, Sa\u011fl\u0131kl\u0131 Ya\u015fa&#8221; projesi \u00e7er\u00e7evesinde Cumhuriyet Meydan\u0131nda boy, kilo \u00f6l\u00e7\u00fcm stand\u0131 kuruldu. Hastane personelleri \u00d6zlem Erdo\u011fmu\u015f At\u0131\u015f,&#8230;<\/p>\n","protected":false},"author":1,"featured_media":29314,"comment_status":"open","ping_status":"open","sticky":false,"template":"","format":"standard","meta":{"_crdt_document":"","footnotes":""},"categories":[2],"tags":[],"class_list":["post-29313","post","type-post","status-publish","format-standard","has-post-thumbnail","hentry","category-saglik"],"_links":{"self":[{"href":"https:\/\/www.egemtv.com\/index.php?rest_route=\/wp\/v2\/posts\/29313","targetHints":{"allow":["GET"]}}],"collection":[{"href":"https:\/\/www.egemtv.com\/index.php?rest_route=\/wp\/v2\/posts"}],"about":[{"href":"https:\/\/www.egemtv.com\/index.php?rest_route=\/wp\/v2\/types\/post"}],"author":[{"embeddable":true,"href":"https:\/\/www.egemtv.com\/index.php?rest_route=\/wp\/v2\/users\/1"}],"replies":[{"embeddable":true,"href":"https:\/\/www.egemtv.com\/index.php?rest_route=%2Fwp%2Fv2%2Fcomments&post=29313"}],"version-history":[{"count":1,"href":"https:\/\/www.egemtv.com\/index.php?rest_route=\/wp\/v2\/posts\/29313\/revisions"}],"predecessor-version":[{"id":29315,"href":"https:\/\/www.egemtv.com\/index.php?rest_route=\/wp\/v2\/posts\/29313\/revisions\/29315"}],"wp:featuredmedia":[{"embeddable":true,"href":"https:\/\/www.egemtv.com\/index.php?rest_route=\/wp\/v2\/media\/29314"}],"wp:attachment":[{"href":"https:\/\/www.egemtv.com\/index.php?rest_route=%2Fwp%2Fv2%2Fmedia&parent=29313"}],"wp:term":[{"taxonomy":"category","embeddable":true,"href":"https:\/\/www.egemtv.com\/index.php?rest_route=%2Fwp%2Fv2%2Fcategories&post=29313"},{"taxonomy":"post_tag","embeddable":true,"href":"https:\/\/www.egemtv.com\/index.php?rest_route=%2Fwp%2Fv2%2Ftags&post=29313"}],"curies":[{"name":"wp","href":"https:\/\/api.w.org\/{rel}","templated":true}]}}