{"id":29310,"date":"2025-05-16T16:56:28","date_gmt":"2025-05-16T13:56:28","guid":{"rendered":"https:\/\/www.egemtv.com\/?p=29310"},"modified":"2025-05-16T16:56:31","modified_gmt":"2025-05-16T13:56:31","slug":"chp-genel-baskani-ozel-baskan-gunelin-projelerini-ovdu","status":"publish","type":"post","link":"https:\/\/www.egemtv.com\/?p=29310","title":{"rendered":"CHP Genel Ba\u015fkan\u0131 \u00d6zel, Ba\u015fkan G\u00fcnel\u2019in projelerini \u00f6vd\u00fc"},"content":{"rendered":"<p>Ku\u015fadas\u0131 Belediyesi Ana Hizmet Binas\u0131 \u00f6n\u00fcnde d\u00fczenlenen t\u00f6rende konu\u015fan CHP Genel Ba\u015fkan\u0131 \u00d6zel, Ku\u015fadas\u0131 Belediye Ba\u015fkan\u0131 \u00d6mer G\u00fcnel taraf\u0131ndan ya\u015fama ge\u00e7irilen hizmet ve projelerden \u00f6vg\u00fcyle s\u00f6z ederek, &#8220;\u0130\u015fte sosyal demokrat belediyecilik, i\u015fte CHP\u2019li belediye&#8221; dedi.<br \/>\n<br \/>CHP Genel Ba\u015fkan\u0131 \u00d6zg\u00fcr \u00d6zel, Ayd\u0131n\u2019\u0131n Ku\u015fadas\u0131 il\u00e7esinde Belediye Ba\u015fkan\u0131 \u00d6mer G\u00fcnel taraf\u0131ndan kente kazand\u0131r\u0131lan 11 yeni projenin toplu a\u00e7\u0131l\u0131\u015f t\u00f6renine kat\u0131ld\u0131. \u0130kinci hizmet d\u00f6neminde ya\u015fama ge\u00e7irilen Otizm Destek ve Ya\u015fam Merkezi, Kad\u0131n Dan\u0131\u015fma Merkezi, \u00c7ocuk Geli\u015fim Merkezi, Tenis Kul\u00fcb\u00fc, Gen\u00e7lik Merkezi, \u0130kinci Bahar Emekliler Lokali, Sevgi Plaj\u0131 Mesire Alan\u0131, Kedi K\u0131s\u0131rla\u015ft\u0131rma Merkezi, Deniz Ticaret Tarihi M\u00fczesi, Osmanl\u0131 Mezar Ta\u015flar\u0131 A\u00e7\u0131k Hava M\u00fczesi ve Kampinova\u2019n\u0131n a\u00e7\u0131l\u0131\u015f\u0131nda konu\u015fan Ba\u015fkan \u00d6mer G\u00fcnel, CHP Genel Ba\u015fkan\u0131 \u00d6zg\u00fcr \u00d6zel\u2019i Ku\u015fadas\u0131\u2019nda a\u011f\u0131rlamaktan dolay\u0131 mutluluk ve onur duydu\u011funu s\u00f6yleyerek, &#8220;Bug\u00fcn burada sadece destek merkezlerinin, emekli lokallerinin ya da m\u00fczelerin a\u00e7\u0131l\u0131\u015f\u0131n\u0131 yapm\u0131yoruz. Bug\u00fcn birlikte \u00fcretti\u011fimiz halk\u00e7\u0131 belediyecili\u011fin de temellerini at\u0131yoruz. Sosyal adalet, e\u015fitlik ve halk i\u00e7in hizmet anlay\u0131\u015f\u0131m\u0131z\u0131n bir yans\u0131mas\u0131 olarak bu a\u00e7\u0131l\u0131\u015flar ile umut, g\u00fcven ve dayan\u0131\u015fmay\u0131 da \u00f6r\u00fcyoruz&#8221; dedi.<br \/>\n<br \/>A\u00e7\u0131l\u0131\u015f\u0131 yap\u0131lan her tesiste b\u00fcy\u00fck bir emek ve al\u0131n teri oldu\u011funa dikkat \u00e7eken Ba\u015fkan G\u00fcnel, &#8220;Mesai arkada\u015flar\u0131m ba\u015fta olmak \u00fczere eme\u011fi ge\u00e7en herkese te\u015fekk\u00fcr ediyor, yeni sosyal tesislerimizin Ku\u015fadas\u0131\u2019na, Ayd\u0131n\u2019a ve \u00fclkemize hay\u0131rl\u0131 olmas\u0131n\u0131 diliyorum&#8221; diye konu\u015ftu.<br \/>\n<br \/>Ba\u015fkan \u00d6mer G\u00fcnel\u2019in ard\u0131ndan Ku\u015fadal\u0131lara seslenen CHP Lideri \u00d6zg\u00fcr \u00d6zel, 31 Mart se\u00e7imlerinde elde etti\u011fi ba\u015far\u0131 ile CHP\u2019nin t\u0131pk\u0131 kuruldu\u011fu g\u00fcn gibi yine birinci parti oldu\u011funu dile getirdi. Ayd\u0131n\u2019da bulunan 15 CHP\u2019li belediyeyi \u00e7al\u0131\u015fmalar\u0131ndan dolay\u0131 kutlayan \u00d6zel, Ku\u015fadas\u0131 Belediye Ba\u015fkan\u0131 \u00d6mer G\u00fcnel\u2019in \u00e7al\u0131\u015fmalar\u0131ndan da takdirle s\u00f6z etti. Genel Ba\u015fkan \u00d6zel, &#8220;Gen\u00e7 bir hukuk\u00e7u iken CHP \u00f6rg\u00fct\u00fcnde \u00e7e\u015fitli g\u00f6revlerde bulundu. 2014\u2019te belediye ba\u015fkan aday aday\u0131 oldu ancak aday gibi \u00e7al\u0131\u015ft\u0131. Bu \u00e7abas\u0131 da gerekli takdiri g\u00f6rerek 2019 y\u0131l\u0131nda aday olarak g\u00f6sterildi. Son yerel se\u00e7imlerde de Ku\u015fadal\u0131lar\u0131n oylar\u0131 ile bir kez daha g\u00f6reve geldi. Bir y\u0131lda Ku\u015fadas\u0131\u2019na 10 futbol sahas\u0131 b\u00fcy\u00fckl\u00fc\u011f\u00fcnde ye\u015fil alan, 143 kilometre yol kazand\u0131ran, ihtiya\u00e7 sahibi ailelere g\u0131da kolisi, yakacak yard\u0131m\u0131, binlerce \u00e7ocu\u011fa s\u00fct ve beslenme \u00e7antas\u0131 deste\u011fi sunan, \u015femsiye ve \u015fezlonglar\u0131 \u00fccretsiz hale getirerek alt ve orta gelirli aileleri kentin imkanlar\u0131 ile bulu\u015fturan Ku\u015fadas\u0131 Belediye Ba\u015fkan\u0131 \u00d6mer G\u00fcnel\u2019i g\u00f6r\u00fcnce insan \u2018\u0130\u015fte sosyal demokrat belediyecilik, i\u015fte CHP\u2019li belediye\u2019 diyor&#8221; \u015feklinde konu\u015ftu.<br \/>\n<br \/>\u00d6zel, konu\u015fmas\u0131n\u0131n ard\u0131ndan genel ba\u015fkan yard\u0131mc\u0131lar\u0131, milletvekilleri ve belediye ba\u015fkanlar\u0131 ile birlikte Ku\u015fadas\u0131 Belediyesi\u2019nin projeleri i\u00e7in kurdele kesti. \u00d6zel, toplu a\u00e7\u0131l\u0131\u015f t\u00f6reninin ard\u0131ndan Yavansu Mahallesi\u2019nde a\u00e7\u0131l\u0131\u015f\u0131 yap\u0131lan Ku\u015fadas\u0131 Belediyesi Nazik Bekmezci Otizm Destek ve Ya\u015fam Merkezi\u2019ni ziyaret etti. Merkezi \u00e7ok be\u011fenen \u00d6zel, eme\u011fi ge\u00e7en herkese te\u015fekk\u00fcr etti.<br \/><\/p>\n","protected":false},"excerpt":{"rendered":"<p>Ku\u015fadas\u0131 Belediyesi Ana Hizmet Binas\u0131 \u00f6n\u00fcnde d\u00fczenlenen t\u00f6rende konu\u015fan CHP Genel Ba\u015fkan\u0131 \u00d6zel, Ku\u015fadas\u0131 Belediye Ba\u015fkan\u0131 \u00d6mer G\u00fcnel taraf\u0131ndan ya\u015fama ge\u00e7irilen hizmet ve projelerden \u00f6vg\u00fcyle s\u00f6z ederek, &#8220;\u0130\u015fte sosyal demokrat belediyecilik, i\u015fte CHP\u2019li belediye&#8221; dedi. CHP Genel Ba\u015fkan\u0131 \u00d6zg\u00fcr \u00d6zel, Ayd\u0131n\u2019\u0131n Ku\u015fadas\u0131 il\u00e7esinde Belediye Ba\u015fkan\u0131 \u00d6mer G\u00fcnel taraf\u0131ndan kente kazand\u0131r\u0131lan 11 yeni projenin toplu a\u00e7\u0131l\u0131\u015f&#8230;<\/p>\n","protected":false},"author":1,"featured_media":29311,"comment_status":"open","ping_status":"open","sticky":false,"template":"","format":"standard","meta":{"_crdt_document":"","footnotes":""},"categories":[127],"tags":[],"class_list":["post-29310","post","type-post","status-publish","format-standard","has-post-thumbnail","hentry","category-siyaset"],"_links":{"self":[{"href":"https:\/\/www.egemtv.com\/index.php?rest_route=\/wp\/v2\/posts\/29310","targetHints":{"allow":["GET"]}}],"collection":[{"href":"https:\/\/www.egemtv.com\/index.php?rest_route=\/wp\/v2\/posts"}],"about":[{"href":"https:\/\/www.egemtv.com\/index.php?rest_route=\/wp\/v2\/types\/post"}],"author":[{"embeddable":true,"href":"https:\/\/www.egemtv.com\/index.php?rest_route=\/wp\/v2\/users\/1"}],"replies":[{"embeddable":true,"href":"https:\/\/www.egemtv.com\/index.php?rest_route=%2Fwp%2Fv2%2Fcomments&post=29310"}],"version-history":[{"count":1,"href":"https:\/\/www.egemtv.com\/index.php?rest_route=\/wp\/v2\/posts\/29310\/revisions"}],"predecessor-version":[{"id":29312,"href":"https:\/\/www.egemtv.com\/index.php?rest_route=\/wp\/v2\/posts\/29310\/revisions\/29312"}],"wp:featuredmedia":[{"embeddable":true,"href":"https:\/\/www.egemtv.com\/index.php?rest_route=\/wp\/v2\/media\/29311"}],"wp:attachment":[{"href":"https:\/\/www.egemtv.com\/index.php?rest_route=%2Fwp%2Fv2%2Fmedia&parent=29310"}],"wp:term":[{"taxonomy":"category","embeddable":true,"href":"https:\/\/www.egemtv.com\/index.php?rest_route=%2Fwp%2Fv2%2Fcategories&post=29310"},{"taxonomy":"post_tag","embeddable":true,"href":"https:\/\/www.egemtv.com\/index.php?rest_route=%2Fwp%2Fv2%2Ftags&post=29310"}],"curies":[{"name":"wp","href":"https:\/\/api.w.org\/{rel}","templated":true}]}}