{"id":29301,"date":"2025-05-16T16:56:14","date_gmt":"2025-05-16T13:56:14","guid":{"rendered":"https:\/\/www.egemtv.com\/?p=29301"},"modified":"2025-05-16T16:56:18","modified_gmt":"2025-05-16T13:56:18","slug":"didimde-kacak-icki-operasyonu","status":"publish","type":"post","link":"https:\/\/www.egemtv.com\/?p=29301","title":{"rendered":"Didim\u2019de ka\u00e7ak i\u00e7ki operasyonu"},"content":{"rendered":"<p>Ayd\u0131n\u2019\u0131n Didim il\u00e7esinde bir i\u015f yerinde yap\u0131lan aramada 40 \u015fi\u015fe ka\u00e7ak i\u00e7ki ele ge\u00e7irildi.<br \/>\n<br \/>Ayd\u0131n \u0130l Emniyet M\u00fcd\u00fcrl\u00fc\u011f\u00fc KOM \u015eube M\u00fcd\u00fcrl\u00fc\u011f\u00fc\u2019ne ba\u011fl\u0131 Didim KOM B\u00fcro Amirli\u011fi ekipleri taraf\u0131ndan merkezde bulunan bir i\u015fyerinde arama yap\u0131ld\u0131. Yap\u0131lan aramada 40 \u015fi\u015fe de\u011fi\u015fik ebat ve \u00e7e\u015fitlerde bandrols\u00fcz el yap\u0131m\u0131 alkoll\u00fc i\u00e7ki ele ge\u00e7irildi. \u0130\u015fyeri sahibi U.A. isimli \u015fah\u0131s hakk\u0131nda adli i\u015flem ba\u015flat\u0131ld\u0131.<br \/><\/p>\n","protected":false},"excerpt":{"rendered":"<p>Ayd\u0131n\u2019\u0131n Didim il\u00e7esinde bir i\u015f yerinde yap\u0131lan aramada 40 \u015fi\u015fe ka\u00e7ak i\u00e7ki ele ge\u00e7irildi. Ayd\u0131n \u0130l Emniyet M\u00fcd\u00fcrl\u00fc\u011f\u00fc KOM \u015eube M\u00fcd\u00fcrl\u00fc\u011f\u00fc\u2019ne ba\u011fl\u0131 Didim KOM B\u00fcro Amirli\u011fi ekipleri taraf\u0131ndan merkezde bulunan bir i\u015fyerinde arama yap\u0131ld\u0131. Yap\u0131lan aramada 40 \u015fi\u015fe de\u011fi\u015fik ebat ve \u00e7e\u015fitlerde bandrols\u00fcz el yap\u0131m\u0131 alkoll\u00fc i\u00e7ki ele ge\u00e7irildi. \u0130\u015fyeri sahibi U.A. isimli \u015fah\u0131s hakk\u0131nda&#8230;<\/p>\n","protected":false},"author":1,"featured_media":29302,"comment_status":"open","ping_status":"open","sticky":false,"template":"","format":"standard","meta":{"_crdt_document":"","footnotes":""},"categories":[5],"tags":[],"class_list":["post-29301","post","type-post","status-publish","format-standard","has-post-thumbnail","hentry","category-asayis"],"_links":{"self":[{"href":"https:\/\/www.egemtv.com\/index.php?rest_route=\/wp\/v2\/posts\/29301","targetHints":{"allow":["GET"]}}],"collection":[{"href":"https:\/\/www.egemtv.com\/index.php?rest_route=\/wp\/v2\/posts"}],"about":[{"href":"https:\/\/www.egemtv.com\/index.php?rest_route=\/wp\/v2\/types\/post"}],"author":[{"embeddable":true,"href":"https:\/\/www.egemtv.com\/index.php?rest_route=\/wp\/v2\/users\/1"}],"replies":[{"embeddable":true,"href":"https:\/\/www.egemtv.com\/index.php?rest_route=%2Fwp%2Fv2%2Fcomments&post=29301"}],"version-history":[{"count":1,"href":"https:\/\/www.egemtv.com\/index.php?rest_route=\/wp\/v2\/posts\/29301\/revisions"}],"predecessor-version":[{"id":29303,"href":"https:\/\/www.egemtv.com\/index.php?rest_route=\/wp\/v2\/posts\/29301\/revisions\/29303"}],"wp:featuredmedia":[{"embeddable":true,"href":"https:\/\/www.egemtv.com\/index.php?rest_route=\/wp\/v2\/media\/29302"}],"wp:attachment":[{"href":"https:\/\/www.egemtv.com\/index.php?rest_route=%2Fwp%2Fv2%2Fmedia&parent=29301"}],"wp:term":[{"taxonomy":"category","embeddable":true,"href":"https:\/\/www.egemtv.com\/index.php?rest_route=%2Fwp%2Fv2%2Fcategories&post=29301"},{"taxonomy":"post_tag","embeddable":true,"href":"https:\/\/www.egemtv.com\/index.php?rest_route=%2Fwp%2Fv2%2Ftags&post=29301"}],"curies":[{"name":"wp","href":"https:\/\/api.w.org\/{rel}","templated":true}]}}