{"id":29298,"date":"2025-05-16T16:16:20","date_gmt":"2025-05-16T13:16:20","guid":{"rendered":"https:\/\/www.egemtv.com\/?p=29298"},"modified":"2025-05-16T16:16:25","modified_gmt":"2025-05-16T13:16:25","slug":"aydinda-zirai-alan-yangini","status":"publish","type":"post","link":"https:\/\/www.egemtv.com\/?p=29298","title":{"rendered":"Ayd\u0131n\u2019da zirai alan yang\u0131n\u0131"},"content":{"rendered":"<p>Ayd\u0131n\u2019\u0131n Efeler il\u00e7esinde zirai ve otluk alanda yang\u0131n \u00e7\u0131kt\u0131.<br \/>\n<br \/>Edinilen bilgiye g\u00f6re, \u0130mamk\u00f6y Mahallesi\u2019ndeki zirai ve otlu alanda hen\u00fcz bilinmeyen bir nedenle yang\u0131n \u00e7\u0131kt\u0131. Yang\u0131n ihbar\u0131 \u00fczerine b\u00f6lgeye \u0130tfaiye, Orman B\u00f6lge M\u00fcd\u00fcrl\u00fc\u011f\u00fc yang\u0131n s\u00f6nd\u00fcrme ekipleri sevk edildi. Ekiplerin b\u00f6lgede s\u00f6nd\u00fcrme ve so\u011futma \u00e7al\u0131\u015fmalar\u0131n\u0131n devam etti\u011fi \u00f6\u011frenildi.<br \/><\/p>\n","protected":false},"excerpt":{"rendered":"<p>Ayd\u0131n\u2019\u0131n Efeler il\u00e7esinde zirai ve otluk alanda yang\u0131n \u00e7\u0131kt\u0131. Edinilen bilgiye g\u00f6re, \u0130mamk\u00f6y Mahallesi\u2019ndeki zirai ve otlu alanda hen\u00fcz bilinmeyen bir nedenle yang\u0131n \u00e7\u0131kt\u0131. Yang\u0131n ihbar\u0131 \u00fczerine b\u00f6lgeye \u0130tfaiye, Orman B\u00f6lge M\u00fcd\u00fcrl\u00fc\u011f\u00fc yang\u0131n s\u00f6nd\u00fcrme ekipleri sevk edildi. Ekiplerin b\u00f6lgede s\u00f6nd\u00fcrme ve so\u011futma \u00e7al\u0131\u015fmalar\u0131n\u0131n devam etti\u011fi \u00f6\u011frenildi.<\/p>\n","protected":false},"author":1,"featured_media":29299,"comment_status":"open","ping_status":"open","sticky":false,"template":"","format":"standard","meta":{"_crdt_document":"","footnotes":""},"categories":[5],"tags":[],"class_list":["post-29298","post","type-post","status-publish","format-standard","has-post-thumbnail","hentry","category-asayis"],"_links":{"self":[{"href":"https:\/\/www.egemtv.com\/index.php?rest_route=\/wp\/v2\/posts\/29298","targetHints":{"allow":["GET"]}}],"collection":[{"href":"https:\/\/www.egemtv.com\/index.php?rest_route=\/wp\/v2\/posts"}],"about":[{"href":"https:\/\/www.egemtv.com\/index.php?rest_route=\/wp\/v2\/types\/post"}],"author":[{"embeddable":true,"href":"https:\/\/www.egemtv.com\/index.php?rest_route=\/wp\/v2\/users\/1"}],"replies":[{"embeddable":true,"href":"https:\/\/www.egemtv.com\/index.php?rest_route=%2Fwp%2Fv2%2Fcomments&post=29298"}],"version-history":[{"count":1,"href":"https:\/\/www.egemtv.com\/index.php?rest_route=\/wp\/v2\/posts\/29298\/revisions"}],"predecessor-version":[{"id":29300,"href":"https:\/\/www.egemtv.com\/index.php?rest_route=\/wp\/v2\/posts\/29298\/revisions\/29300"}],"wp:featuredmedia":[{"embeddable":true,"href":"https:\/\/www.egemtv.com\/index.php?rest_route=\/wp\/v2\/media\/29299"}],"wp:attachment":[{"href":"https:\/\/www.egemtv.com\/index.php?rest_route=%2Fwp%2Fv2%2Fmedia&parent=29298"}],"wp:term":[{"taxonomy":"category","embeddable":true,"href":"https:\/\/www.egemtv.com\/index.php?rest_route=%2Fwp%2Fv2%2Fcategories&post=29298"},{"taxonomy":"post_tag","embeddable":true,"href":"https:\/\/www.egemtv.com\/index.php?rest_route=%2Fwp%2Fv2%2Ftags&post=29298"}],"curies":[{"name":"wp","href":"https:\/\/api.w.org\/{rel}","templated":true}]}}