{"id":29295,"date":"2025-05-16T16:16:15","date_gmt":"2025-05-16T13:16:15","guid":{"rendered":"https:\/\/www.egemtv.com\/?p=29295"},"modified":"2025-05-16T16:16:20","modified_gmt":"2025-05-16T13:16:20","slug":"aydinli-ogrenciler-bilgilerini-yaristirdi","status":"publish","type":"post","link":"https:\/\/www.egemtv.com\/?p=29295","title":{"rendered":"Ayd\u0131nl\u0131 \u00f6\u011frenciler bilgilerini yar\u0131\u015ft\u0131rd\u0131"},"content":{"rendered":"<p>Ayd\u0131n\u2019\u0131n Efeler il\u00e7esinde ger\u00e7ekle\u015ftirilen bilgi yar\u0131\u015fmas\u0131nda 12 okulun \u00f6\u011frencileri k\u0131yas\u0131ya m\u00fccadele ederken, yar\u0131\u015fman\u0131n birincisi Ayd\u0131n Fen Lisesi oldu.<\/p>\n<p>Efeler \u0130l\u00e7e Milli E\u011fitim M\u00fcd\u00fcrl\u00fc\u011f\u00fc Bilim Akademisi taraf\u0131ndan T\u00fcrkiye Y\u00fczy\u0131l\u0131 Maarif Modeli \u0131\u015f\u0131\u011f\u0131nda d\u00fczenlenen \u2019K\u00f6klerden Gelece\u011fe Liseler Aras\u0131 Bilgi ve K\u00fclt\u00fcr Yar\u0131\u015fmas\u0131\u2019n\u0131n finali b\u00fcy\u00fck bir heyecanla tamamland\u0131. Eleme turunu ba\u015far\u0131yla ge\u00e7erek finale kalan on iki okulun k\u0131yas\u0131ya m\u00fccadele etti\u011fi son etapta birincili\u011fi Ayd\u0131n Fen Lisesi kazand\u0131. \u0130kincili\u011fi Adnan Menderes Anadolu \u0130mam Hatip Lisesi elde ederken, \u00fc\u00e7\u00fcnc\u00fcl\u00fck ise Cumhuriyet Anadolu Lisesi\u2019nin oldu.<\/p>\n<p>Efeler \u0130l\u00e7e Milli E\u011fitim M\u00fcd\u00fcr\u00fc Hakan \u00d6zcan, \u00f6d\u00fcl t\u00f6reninde yapt\u0131\u011f\u0131 konu\u015fmada yar\u0131\u015fman\u0131n temel ama\u00e7lar\u0131n\u0131 vurgularken &#8220;Bu yar\u0131\u015fmay\u0131 d\u00fczenlerken \u00f6ncelikli hedefimiz, maarif modelin ilkelerini vurgulamak, \u00f6\u011frencilerimizin g\u00f6rev ve sorumluluk bilin\u00e7lerini geli\u015ftirmek, kendilerini toplum i\u00e7inde etkili bir \u015fekilde ifade edebilmelerine imkan sa\u011flamak, h\u0131zl\u0131 ve do\u011fru karar verme yeteneklerini g\u00fc\u00e7lendirmek, do\u011fru bilgiye ula\u015fma becerilerini art\u0131rmak, sportmence bir rekabet ortam\u0131 olu\u015fturmak, \u00f6zg\u00fcvenlerini peki\u015ftirmek, il\u00e7emizdeki bilgi payla\u015f\u0131m\u0131n\u0131 te\u015fvik etmek, yar\u0131\u015fma k\u00fclt\u00fcr\u00fcn\u00fc kazand\u0131rmak ve s\u0131navlara haz\u0131rl\u0131k s\u00fcre\u00e7lerine destek olmakt\u0131r&#8221; dedi.<\/p>\n<p>Konu\u015fmas\u0131n\u0131n ard\u0131ndan M\u00fcd\u00fcr \u00d6zcan, dereceye giren okullara ve \u00f6\u011frencilere \u00f6d\u00fcllerini takdim etti.<br \/><\/p>\n","protected":false},"excerpt":{"rendered":"<p>Ayd\u0131n\u2019\u0131n Efeler il\u00e7esinde ger\u00e7ekle\u015ftirilen bilgi yar\u0131\u015fmas\u0131nda 12 okulun \u00f6\u011frencileri k\u0131yas\u0131ya m\u00fccadele ederken, yar\u0131\u015fman\u0131n birincisi Ayd\u0131n Fen Lisesi oldu. Efeler \u0130l\u00e7e Milli E\u011fitim M\u00fcd\u00fcrl\u00fc\u011f\u00fc Bilim Akademisi taraf\u0131ndan T\u00fcrkiye Y\u00fczy\u0131l\u0131 Maarif Modeli \u0131\u015f\u0131\u011f\u0131nda d\u00fczenlenen \u2019K\u00f6klerden Gelece\u011fe Liseler Aras\u0131 Bilgi ve K\u00fclt\u00fcr Yar\u0131\u015fmas\u0131\u2019n\u0131n finali b\u00fcy\u00fck bir heyecanla tamamland\u0131. Eleme turunu ba\u015far\u0131yla ge\u00e7erek finale kalan on iki okulun k\u0131yas\u0131ya&#8230;<\/p>\n","protected":false},"author":1,"featured_media":29296,"comment_status":"open","ping_status":"open","sticky":false,"template":"","format":"standard","meta":{"_crdt_document":"","footnotes":""},"categories":[1],"tags":[],"class_list":["post-29295","post","type-post","status-publish","format-standard","has-post-thumbnail","hentry","category-guncel"],"_links":{"self":[{"href":"https:\/\/www.egemtv.com\/index.php?rest_route=\/wp\/v2\/posts\/29295","targetHints":{"allow":["GET"]}}],"collection":[{"href":"https:\/\/www.egemtv.com\/index.php?rest_route=\/wp\/v2\/posts"}],"about":[{"href":"https:\/\/www.egemtv.com\/index.php?rest_route=\/wp\/v2\/types\/post"}],"author":[{"embeddable":true,"href":"https:\/\/www.egemtv.com\/index.php?rest_route=\/wp\/v2\/users\/1"}],"replies":[{"embeddable":true,"href":"https:\/\/www.egemtv.com\/index.php?rest_route=%2Fwp%2Fv2%2Fcomments&post=29295"}],"version-history":[{"count":1,"href":"https:\/\/www.egemtv.com\/index.php?rest_route=\/wp\/v2\/posts\/29295\/revisions"}],"predecessor-version":[{"id":29297,"href":"https:\/\/www.egemtv.com\/index.php?rest_route=\/wp\/v2\/posts\/29295\/revisions\/29297"}],"wp:featuredmedia":[{"embeddable":true,"href":"https:\/\/www.egemtv.com\/index.php?rest_route=\/wp\/v2\/media\/29296"}],"wp:attachment":[{"href":"https:\/\/www.egemtv.com\/index.php?rest_route=%2Fwp%2Fv2%2Fmedia&parent=29295"}],"wp:term":[{"taxonomy":"category","embeddable":true,"href":"https:\/\/www.egemtv.com\/index.php?rest_route=%2Fwp%2Fv2%2Fcategories&post=29295"},{"taxonomy":"post_tag","embeddable":true,"href":"https:\/\/www.egemtv.com\/index.php?rest_route=%2Fwp%2Fv2%2Ftags&post=29295"}],"curies":[{"name":"wp","href":"https:\/\/api.w.org\/{rel}","templated":true}]}}