{"id":29283,"date":"2025-05-16T15:56:50","date_gmt":"2025-05-16T12:56:50","guid":{"rendered":"https:\/\/www.egemtv.com\/?p=29283"},"modified":"2025-05-16T15:56:51","modified_gmt":"2025-05-16T12:56:51","slug":"hakim-karsisina-cikan-dolandiricilik-suphelisi-esini-iftirayla-sucladi","status":"publish","type":"post","link":"https:\/\/www.egemtv.com\/?p=29283","title":{"rendered":"Hakim kar\u015f\u0131s\u0131na \u00e7\u0131kan doland\u0131r\u0131c\u0131l\u0131k \u015f\u00fcphelisi e\u015fini iftirayla su\u00e7lad\u0131"},"content":{"rendered":"<p>Denizli\u2019de y\u00fcksek kazan\u00e7l\u0131 yat\u0131r\u0131m vaadiyle doland\u0131r\u0131c\u0131l\u0131k yapt\u0131klar\u0131 iddias\u0131yla 2\u2019si tutuklu 5 san\u0131\u011f\u0131n yarg\u0131lanmas\u0131na ba\u015flan\u0131ld\u0131. \u0130ddianamede haklar\u0131nda 66 y\u0131ldan 216 y\u0131la kadar hapis cezas\u0131 istenen san\u0131klardan E.S., bo\u015fanma a\u015famas\u0131ndaki e\u015finin kendisine iftira att\u0131\u011f\u0131n\u0131 ileri s\u00fcrd\u00fc.<br \/>\n<br \/>Denizli\u2019de 4 Ekim 2024\u2019te y\u00fcksek kazan\u00e7l\u0131 yat\u0131r\u0131m vaadiyle doland\u0131r\u0131ld\u0131klar\u0131n\u0131 belirten \u00e7ok say\u0131da ma\u011fdurun \u015fikayeti \u00fczerine Denizli Emniyet M\u00fcd\u00fcrl\u00fc\u011f\u00fcne ba\u011fl\u0131 ekipler harekete ge\u00e7ti. D\u00fczenlenen operasyonda 3 \u015f\u00fcpheli g\u00f6zalt\u0131na al\u0131nm\u0131\u015f, \u015f\u00fcphelilerden 2\u2019si tutuklan\u0131rken, 1\u2019i adli kontrol \u015fart\u0131yla serbest b\u0131rak\u0131lm\u0131\u015ft\u0131. Denizli 1. A\u011f\u0131r Ceza Mahkemesinde g\u00f6r\u00fclen duru\u015fmaya tutuklu san\u0131klar E.S. (37) ve V.\u00c7. (31), taraf avukatlar\u0131 ile baz\u0131 yabanc\u0131 m\u00fc\u015ftekiler kat\u0131ld\u0131. Yurt d\u0131\u015f\u0131nda olduklar\u0131 belirtilen tutuksuz san\u0131klar T.D, H.P. ve B.E. duru\u015fmaya kat\u0131lmad\u0131.<\/p>\n<p>&#8220;Bo\u015fanma a\u015famas\u0131ndaki e\u015fim \u00e7ocuklar\u0131m\u0131 bana g\u00f6stermemek i\u00e7in bu iftirada bulundu&#8221;<br \/>\n<br \/>Tutuklu san\u0131klardan E.S., makine m\u00fchendisi oldu\u011funu, yurt d\u0131\u015f\u0131nda 30 y\u0131l ya\u015fad\u0131ktan sonra 4 y\u0131l \u00f6nce T\u00fcrkiye\u2019ye d\u00f6nd\u00fc\u011f\u00fcn\u00fc ifade etti.  Savunmas\u0131nda bo\u015fanma a\u015famas\u0131ndaki e\u015fi taraf\u0131ndan iftiraya u\u011frad\u0131\u011f\u0131na dikkat \u00e7eken E.S, &#8220;Y\u0131ll\u0131k gelirim 150 bin dolar\u0131n \u00fczerindeydi. \u00dczerime bug\u00fcn \u00e7ok b\u00fcy\u00fck bir iftira at\u0131lmaktad\u0131r. Bunun sebebi bo\u015fanma a\u015famas\u0131nda oldu\u011fum e\u015fimin annesidir, \u00e7ocuklar\u0131m\u0131 yurt d\u0131\u015f\u0131na ka\u00e7\u0131rd\u0131lar. 2 y\u0131ld\u0131r g\u00f6remiyorum. S\u0131rf \u00e7ocuklar\u0131m\u0131 bana g\u00f6stermemek i\u00e7in bu tarz bir iftirada bulundular. Belki faturaland\u0131rmada usuls\u00fczl\u00fck olabilir ancak hi\u00e7bir paran\u0131n \u00fczerimde kalmad\u0131\u011f\u0131 bellidir, hi\u00e7bir kuru\u015fu benim cebimde kalmam\u0131\u015ft\u0131r. Ka\u00e7ma \u015f\u00fcphemiz olmad\u0131\u011f\u0131 halde, 8 ayd\u0131r su\u00e7suz yere cezaevindeyim. Adalete g\u00fcveniyorum, su\u00e7suz yere san\u0131k koltu\u011funday\u0131m, tahliyemi talep ediyorum&#8221; dedi.<\/p>\n<p>San\u0131klardan V.\u00c7. ise taksi \u015fof\u00f6rl\u00fc\u011f\u00fcnden sonra eski e\u015finin a\u011fabeyi E.S.\u2019nin kurdu\u011fu \u015firkette \u00e7al\u0131\u015ft\u0131\u011f\u0131n\u0131, buraya kendisi ve aile yak\u0131nlar\u0131n\u0131n da para yat\u0131rd\u0131\u011f\u0131n\u0131, kimseyi doland\u0131rmad\u0131\u011f\u0131n\u0131 ve sadece verilen g\u00f6revleri yapt\u0131\u011f\u0131n\u0131 ifade ederek tahliyesini talep etti.<br \/>\n<br \/>14 saat s\u00fcren duru\u015fmada ara karar a\u00e7\u0131kland\u0131<br \/>\n<br \/>Uzun s\u00fcren duru\u015fma sonunda ara karar\u0131 a\u00e7\u0131klayan mahkeme heyeti, V.\u00c7.\u2019nin tutuklu bulundu\u011fu s\u00fcre ile mevcut delil durumunu dikkate alarak utuklulu\u011funun sona ertahliyesine E.S.\u2019nin ise tutukluluk halinin devam\u0131na h\u00fckmetti. Yurt d\u0131\u015f\u0131nda bulunan T.D., H.P. ve B.E. i\u00e7in ise k\u0131rm\u0131z\u0131 b\u00fclten \u00e7\u0131kar\u0131lmas\u0131 karar\u0131 verilerek duru\u015fma ertelendi.<br \/><\/p>\n","protected":false},"excerpt":{"rendered":"<p>Denizli\u2019de y\u00fcksek kazan\u00e7l\u0131 yat\u0131r\u0131m vaadiyle doland\u0131r\u0131c\u0131l\u0131k yapt\u0131klar\u0131 iddias\u0131yla 2\u2019si tutuklu 5 san\u0131\u011f\u0131n yarg\u0131lanmas\u0131na ba\u015flan\u0131ld\u0131. \u0130ddianamede haklar\u0131nda 66 y\u0131ldan 216 y\u0131la kadar hapis cezas\u0131 istenen san\u0131klardan E.S., bo\u015fanma a\u015famas\u0131ndaki e\u015finin kendisine iftira att\u0131\u011f\u0131n\u0131 ileri s\u00fcrd\u00fc. Denizli\u2019de 4 Ekim 2024\u2019te y\u00fcksek kazan\u00e7l\u0131 yat\u0131r\u0131m vaadiyle doland\u0131r\u0131ld\u0131klar\u0131n\u0131 belirten \u00e7ok say\u0131da ma\u011fdurun \u015fikayeti \u00fczerine Denizli Emniyet M\u00fcd\u00fcrl\u00fc\u011f\u00fcne ba\u011fl\u0131 ekipler harekete&#8230;<\/p>\n","protected":false},"author":1,"featured_media":29284,"comment_status":"open","ping_status":"open","sticky":false,"template":"","format":"standard","meta":{"_crdt_document":"","footnotes":""},"categories":[5],"tags":[],"class_list":["post-29283","post","type-post","status-publish","format-standard","has-post-thumbnail","hentry","category-asayis"],"_links":{"self":[{"href":"https:\/\/www.egemtv.com\/index.php?rest_route=\/wp\/v2\/posts\/29283","targetHints":{"allow":["GET"]}}],"collection":[{"href":"https:\/\/www.egemtv.com\/index.php?rest_route=\/wp\/v2\/posts"}],"about":[{"href":"https:\/\/www.egemtv.com\/index.php?rest_route=\/wp\/v2\/types\/post"}],"author":[{"embeddable":true,"href":"https:\/\/www.egemtv.com\/index.php?rest_route=\/wp\/v2\/users\/1"}],"replies":[{"embeddable":true,"href":"https:\/\/www.egemtv.com\/index.php?rest_route=%2Fwp%2Fv2%2Fcomments&post=29283"}],"version-history":[{"count":1,"href":"https:\/\/www.egemtv.com\/index.php?rest_route=\/wp\/v2\/posts\/29283\/revisions"}],"predecessor-version":[{"id":29285,"href":"https:\/\/www.egemtv.com\/index.php?rest_route=\/wp\/v2\/posts\/29283\/revisions\/29285"}],"wp:featuredmedia":[{"embeddable":true,"href":"https:\/\/www.egemtv.com\/index.php?rest_route=\/wp\/v2\/media\/29284"}],"wp:attachment":[{"href":"https:\/\/www.egemtv.com\/index.php?rest_route=%2Fwp%2Fv2%2Fmedia&parent=29283"}],"wp:term":[{"taxonomy":"category","embeddable":true,"href":"https:\/\/www.egemtv.com\/index.php?rest_route=%2Fwp%2Fv2%2Fcategories&post=29283"},{"taxonomy":"post_tag","embeddable":true,"href":"https:\/\/www.egemtv.com\/index.php?rest_route=%2Fwp%2Fv2%2Ftags&post=29283"}],"curies":[{"name":"wp","href":"https:\/\/api.w.org\/{rel}","templated":true}]}}