{"id":29280,"date":"2025-05-16T15:56:46","date_gmt":"2025-05-16T12:56:46","guid":{"rendered":"https:\/\/www.egemtv.com\/?p=29280"},"modified":"2025-05-16T15:56:50","modified_gmt":"2025-05-16T12:56:50","slug":"tavsanlida-trafik-kazasi-1-yarali-6","status":"publish","type":"post","link":"https:\/\/www.egemtv.com\/?p=29280","title":{"rendered":"Tav\u015fanl\u0131\u2019da trafik kazas\u0131, 1 yaral\u0131"},"content":{"rendered":"<p>K\u00fctahya\u2019n\u0131n Tav\u015fanl\u0131 il\u00e7esinde otomobil ile motosikletin \u00e7arp\u0131\u015fmas\u0131 sonucu meydana gelen trafik kazas\u0131nda 1 ki\u015fi yaraland\u0131.<br \/>\n<br \/>Edinilen bilgilere g\u00f6re, kaza \u00c7ukurk\u00f6y Mahallesi Adnan Menderes Caddesi Menderes kav\u015fa\u011f\u0131nda meydana geldi. Tav\u015fanl\u0131 il\u00e7e merkezinden \u00c7ukurk\u00f6y istikametine seyir halinde olan A.S. idaresindeki otomobil ile kav\u015faktan kar\u015f\u0131ya ge\u00e7mekte olan A.Z.B. idaresindeki 43 AGH 752 motosiklet \u00e7arp\u0131\u015ft\u0131. Meydana gelen kazada \u00e7arpan\u0131n etkisi ile yere d\u00fc\u015fen motosiklet s\u00fcr\u00fcc\u00fcs\u00fc A.Z.B. yaraland\u0131. Yaral\u0131 s\u00fcr\u00fcc\u00fc sa\u011fl\u0131k ekiplerinin ilk m\u00fcdahalesinin ard\u0131ndan Tav\u015fanl\u0131 Do\u00e7. Dr. Mustafa Kalemi Devlet Hastanesi\u2019ne kald\u0131r\u0131ld\u0131. Kaza ile ilgili soru\u015fturma devam ediyor.<br \/><\/p>\n","protected":false},"excerpt":{"rendered":"<p>K\u00fctahya\u2019n\u0131n Tav\u015fanl\u0131 il\u00e7esinde otomobil ile motosikletin \u00e7arp\u0131\u015fmas\u0131 sonucu meydana gelen trafik kazas\u0131nda 1 ki\u015fi yaraland\u0131. Edinilen bilgilere g\u00f6re, kaza \u00c7ukurk\u00f6y Mahallesi Adnan Menderes Caddesi Menderes kav\u015fa\u011f\u0131nda meydana geldi. Tav\u015fanl\u0131 il\u00e7e merkezinden \u00c7ukurk\u00f6y istikametine seyir halinde olan A.S. idaresindeki otomobil ile kav\u015faktan kar\u015f\u0131ya ge\u00e7mekte olan A.Z.B. idaresindeki 43 AGH 752 motosiklet \u00e7arp\u0131\u015ft\u0131. Meydana gelen kazada \u00e7arpan\u0131n&#8230;<\/p>\n","protected":false},"author":1,"featured_media":29281,"comment_status":"open","ping_status":"open","sticky":false,"template":"","format":"standard","meta":{"_crdt_document":"","footnotes":""},"categories":[5],"tags":[],"class_list":["post-29280","post","type-post","status-publish","format-standard","has-post-thumbnail","hentry","category-asayis"],"_links":{"self":[{"href":"https:\/\/www.egemtv.com\/index.php?rest_route=\/wp\/v2\/posts\/29280","targetHints":{"allow":["GET"]}}],"collection":[{"href":"https:\/\/www.egemtv.com\/index.php?rest_route=\/wp\/v2\/posts"}],"about":[{"href":"https:\/\/www.egemtv.com\/index.php?rest_route=\/wp\/v2\/types\/post"}],"author":[{"embeddable":true,"href":"https:\/\/www.egemtv.com\/index.php?rest_route=\/wp\/v2\/users\/1"}],"replies":[{"embeddable":true,"href":"https:\/\/www.egemtv.com\/index.php?rest_route=%2Fwp%2Fv2%2Fcomments&post=29280"}],"version-history":[{"count":1,"href":"https:\/\/www.egemtv.com\/index.php?rest_route=\/wp\/v2\/posts\/29280\/revisions"}],"predecessor-version":[{"id":29282,"href":"https:\/\/www.egemtv.com\/index.php?rest_route=\/wp\/v2\/posts\/29280\/revisions\/29282"}],"wp:featuredmedia":[{"embeddable":true,"href":"https:\/\/www.egemtv.com\/index.php?rest_route=\/wp\/v2\/media\/29281"}],"wp:attachment":[{"href":"https:\/\/www.egemtv.com\/index.php?rest_route=%2Fwp%2Fv2%2Fmedia&parent=29280"}],"wp:term":[{"taxonomy":"category","embeddable":true,"href":"https:\/\/www.egemtv.com\/index.php?rest_route=%2Fwp%2Fv2%2Fcategories&post=29280"},{"taxonomy":"post_tag","embeddable":true,"href":"https:\/\/www.egemtv.com\/index.php?rest_route=%2Fwp%2Fv2%2Ftags&post=29280"}],"curies":[{"name":"wp","href":"https:\/\/api.w.org\/{rel}","templated":true}]}}