{"id":29277,"date":"2025-05-16T15:56:41","date_gmt":"2025-05-16T12:56:41","guid":{"rendered":"https:\/\/www.egemtv.com\/?p=29277"},"modified":"2025-05-16T15:56:46","modified_gmt":"2025-05-16T12:56:46","slug":"chp-genel-baskani-ozel-kusadasinda-otizmli-bireyler-ve-aileleri-ile-bulustu","status":"publish","type":"post","link":"https:\/\/www.egemtv.com\/?p=29277","title":{"rendered":"CHP Genel Ba\u015fkan\u0131 \u00d6zel, Ku\u015fadas\u0131\u2019nda otizmli bireyler ve aileleri ile bulu\u015ftu"},"content":{"rendered":"<p>Cumhuriyet Halk Partisi (CHP) taraf\u0131ndan Engelliler Haftas\u0131 nedeniyle Ku\u015fadas\u0131\u2019nda d\u00fczenlenen Otizm Sempozyumu, CHP Genel Ba\u015fkan\u0131 \u00d6zg\u00fcr \u00d6zel\u2019in kat\u0131l\u0131m\u0131 ile ger\u00e7ekle\u015fti.<br \/>\n<br \/>Sempozyumda konu\u015fan CHP Lideri \u00d6zg\u00fcr \u00d6zel, otizmin g\u00f6rmezden gelinemeyecek toplumsal bir ger\u00e7ek oldu\u011funa dikkat \u00e7ekerek &#8220;Siyaset ger\u00e7eklerden ka\u00e7ma de\u011fil, y\u00fczle\u015fme ve \u00e7\u00f6z\u00fcm \u00fcretme alan\u0131d\u0131r&#8221; dedi. CHP iktidar\u0131nda ya\u015fama ge\u00e7irilecek Otizm Eylem Plan\u0131\u2019n\u0131n haz\u0131r oldu\u011funu ifade eden Genel Ba\u015fkan \u00d6zel, Ayd\u0131n B\u00fcy\u00fck\u015fehir Belediyesi ve Ku\u015fadas\u0131 Belediyesi taraf\u0131ndan ya\u015fama ge\u00e7irilen otizm destek merkezlerinin \u00e7ok \u00f6nemli bir i\u015flevi yerine getirdi\u011finin alt\u0131n\u0131 \u00e7izdi.<br \/>\n<br \/>Otizm Sempozyumu, Otizm Orkestras\u0131 taraf\u0131ndan verilen ve CHP Lideri \u00d6zg\u00fcr \u00d6zel ile Ku\u015fadas\u0131 Belediye Ba\u015fkan\u0131 \u00d6mer G\u00fcnel\u2019in de sahneye \u00e7\u0131karak s\u00f6ylenen \u015fark\u0131lara e\u015flik etti\u011fi renkli bir konserle ba\u015flad\u0131. Kat\u0131l\u0131mc\u0131lar taraf\u0131ndan keyif ve be\u011feni ile kar\u015f\u0131lanan konserin ard\u0131ndan otizmli \u00e7ocuk sahibi olan ailelerin ya\u015fad\u0131\u011f\u0131 sorunlara ili\u015fkin bir video g\u00f6sterimi ger\u00e7ekle\u015ftirildi.<br \/>\n<br \/>Ku\u015fadas\u0131 Belediye Ba\u015fkan\u0131 \u00d6mer G\u00fcnel, otizmin bir farkl\u0131l\u0131k oldu\u011funun alt\u0131n\u0131 \u00e7izerek &#8220;Bu farkl\u0131l\u0131\u011f\u0131 anlamak ve kabul etmek zorunday\u0131z. Otizmli \u00e7ocu\u011fu bulunan aileleri dinledi\u011fimizde kentimize kazand\u0131rd\u0131\u011f\u0131m\u0131z Otizm Destek ve Ya\u015fam Merkezi projesinin ne kadar \u00f6nemli oldu\u011funu bir kez daha anlad\u0131k. Buradan t\u00fcm annelere seslenmek istiyorum: G\u00f6z\u00fcn\u00fcz arkada kalmas\u0131n, CHP var&#8221; dedi. Yerel y\u00f6netimlerin alt yap\u0131 hizmetleri kadar sosyal politikalardan da sorumlu olduklar\u0131n\u0131 ifade eden Ba\u015fkan \u00d6mer G\u00fcnel &#8220;Bug\u00fcn a\u00e7\u0131lacak olan Otizm Destek ve Ya\u015fam Merkezi, bilimsel temelli bir sosyal destek anlay\u0131\u015f\u0131 ile ya\u015fama ge\u00e7irildi. Amac\u0131m\u0131z otizmli bireylere sadece destek sunmak de\u011fil, ayn\u0131 zamanda umut olmak ve ailelere yaln\u0131z olmad\u0131klar\u0131n\u0131 hissettirmek. Bu merkez de bu anlay\u0131\u015f\u0131n somut bir \u00f6rne\u011fidir. Hay\u0131rsever Bekmezci Ailesi ba\u015fta olmak \u00fczere otizm merkezimizin a\u00e7\u0131lmas\u0131na destek sunan herkese te\u015fekk\u00fcr ediyorum. Bu merkez t\u00fcm Ku\u015fadas\u0131\u2019n\u0131n ortak eseridir. Otizmli bireylere, ailelerine ve kentimize hay\u0131rl\u0131 olmas\u0131n\u0131 diliyorum&#8221; dedi.<br \/>\n<br \/>Sempozyuma kat\u0131lan Ayd\u0131n B\u00fcy\u00fck\u015fehir Belediye Ba\u015fkan\u0131 \u00d6zlem \u00c7er\u00e7io\u011flu, kendisinin de otizmli bir erkek evlat sahibi oldu\u011funu ve bu nedenle ailelerin neler ya\u015fad\u0131\u011f\u0131n\u0131 anlad\u0131\u011f\u0131n\u0131 ifade etti. Ayd\u0131n\u2019da 6 adet otizm merkezi bulundu\u011funu kaydeden Ba\u015fkan \u00c7er\u00e7io\u011flu &#8220;3 bin \u00e7ocu\u011fumuza e\u011fitim verdik, vermeye de devam ediyoruz. CHP iktidar\u0131nda Ayd\u0131n\u2019da Otizm K\u00f6y\u00fc kurulacak. Bunun s\u00f6z\u00fcn\u00fc de Genel Ba\u015fkan\u0131m\u0131z\u0131n onay\u0131 ile buradan sizlere veriyorum&#8221; diye konu\u015ftu.  \u00c7er\u00e7io\u011flu, otizm d\u0131\u015f\u0131nda disleksi alan\u0131nda da \u00e7al\u0131\u015fmalar y\u00fcr\u00fctt\u00fcklerini s\u00f6zlerine ekledi.<br \/>\n<br \/>T\u00fcrkiye\u2019de otizme ili\u015fkin sa\u011fl\u0131kl\u0131 bir veri ak\u0131\u015f\u0131 olmad\u0131\u011f\u0131n\u0131n alt\u0131n\u0131 \u00e7izen CHP Genel Ba\u015fkan\u0131 \u00d6zel &#8220;T\u00fcrkiye\u2019de 2 milyona yak\u0131n otizmli birey var. Bunlar\u0131n 700 bini \u00e7ocuk. Ancak bu \u00e7ocuklardan sadece 42 bini okula gidiyor. Y\u00fczde 96\u2019s\u0131 e\u011fitime ula\u015fam\u0131yor&#8221; dedi. E\u011fitimin anayasal bir hak oldu\u011funu vurgulayan \u00d6zg\u00fcr \u00d6zel, &#8220;E\u011fitim her yurtta\u015f\u0131n hakk\u0131d\u0131r ve bu durum da anayasal bir hak ihlalidir. CHP olarak b\u00f6yle bir e\u015fitsizli\u011fe ve anayasa ihlaline raz\u0131 de\u011filiz&#8221; dedi.<br \/>\n<br \/>Otizm g\u00f6r\u00fclme s\u0131kl\u0131\u011f\u0131n\u0131n 31\u2019de 1 oldu\u011funun alt\u0131n\u0131 \u00e7izen CHP Genel Ba\u015fkan\u0131, erken tan\u0131 ve e\u011fitim ile a\u015f\u0131lmas\u0131 m\u00fcmk\u00fcn olan bir sorunun al\u0131nmayan tedbirler ve sunulmayan haklar nedeniyle a\u011f\u0131r bir tabloya d\u00f6n\u00fc\u015ft\u00fc\u011f\u00fcn\u00fc belirtti. \u00d6zel, otizmle ilgili \u00e7\u00f6z\u00fcm \u00f6nerilerini de s\u0131ralad\u0131. CHP Genel Ba\u015fkan\u0131 \u00d6zel &#8220;Her ilde otizmli bireylerin iyi vakit ge\u00e7irece\u011fi, iyi e\u011fitim alaca\u011f\u0131 destek merkezleri ve ailelerin \u00e7ocuklar\u0131n\u0131 emanet edip dinlenebilece\u011fi mola merkezleri kurulmal\u0131. Bu \u00e7ocuklara i\u015f ko\u00e7lu\u011fu ve istihdam sa\u011flanmal\u0131. Engelli ayl\u0131klar\u0131 bizzat engelli bireylerin hesaplar\u0131na yatmal\u0131. Nitelikli, yeterli ve \u00fccretsiz e\u011fitim imkanlar\u0131 yayg\u0131nla\u015ft\u0131r\u0131lmal\u0131&#8221; dedi.<br \/>\n<br \/>CHP Genel Merkezi taraf\u0131ndan otizmli bireylerin ve ailelerinin sorunlar\u0131na \u00e7\u00f6z\u00fcm bulmak amac\u0131yla &#8220;G\u00f6z\u00fcm Arkada Kalmas\u0131n \u0130stiyorum&#8221; temas\u0131yla Ku\u015fadas\u0131\u2019nda d\u00fczenlenen Otizm Sempozyumu\u2019nun ikinci g\u00fcn\u00fcne CHP Genel Ba\u015fkan\u0131 \u00d6zg\u00fcr \u00d6zel, CHP Genel Ba\u015fkan Yard\u0131mc\u0131lar\u0131 Aylin Nazl\u0131aka ile G\u00fcl\u015fah Deniz Atalar, Ayd\u0131n Milletvekilleri, Parti Meclisi \u00dcyeleri, CHP Ayd\u0131n \u0130l Ba\u015fkan\u0131 Hikmet Saat\u00e7i, Ayd\u0131n B\u00fcy\u00fck\u015fehir Belediye Ba\u015fkan\u0131 \u00d6zlem \u00c7er\u00e7io\u011flu, \u0130zmir B\u00fcy\u00fck\u015fehir Belediye Ba\u015fkan\u0131 Cemil Tugay, CHP Ku\u015fadas\u0131 \u0130l\u00e7e Ba\u015fkan\u0131 Mehmet G\u00fcrbilek, Ku\u015fadas\u0131 Belediye Ba\u015fkan\u0131 \u00d6mer G\u00fcnel ile civar il ve il\u00e7elerin belediye ba\u015fkanlar\u0131 kat\u0131ld\u0131.<br \/><\/p>\n","protected":false},"excerpt":{"rendered":"<p>Cumhuriyet Halk Partisi (CHP) taraf\u0131ndan Engelliler Haftas\u0131 nedeniyle Ku\u015fadas\u0131\u2019nda d\u00fczenlenen Otizm Sempozyumu, CHP Genel Ba\u015fkan\u0131 \u00d6zg\u00fcr \u00d6zel\u2019in kat\u0131l\u0131m\u0131 ile ger\u00e7ekle\u015fti. Sempozyumda konu\u015fan CHP Lideri \u00d6zg\u00fcr \u00d6zel, otizmin g\u00f6rmezden gelinemeyecek toplumsal bir ger\u00e7ek oldu\u011funa dikkat \u00e7ekerek &#8220;Siyaset ger\u00e7eklerden ka\u00e7ma de\u011fil, y\u00fczle\u015fme ve \u00e7\u00f6z\u00fcm \u00fcretme alan\u0131d\u0131r&#8221; dedi. CHP iktidar\u0131nda ya\u015fama ge\u00e7irilecek Otizm Eylem Plan\u0131\u2019n\u0131n haz\u0131r oldu\u011funu ifade&#8230;<\/p>\n","protected":false},"author":1,"featured_media":29278,"comment_status":"open","ping_status":"open","sticky":false,"template":"","format":"standard","meta":{"_crdt_document":"","footnotes":""},"categories":[1],"tags":[],"class_list":["post-29277","post","type-post","status-publish","format-standard","has-post-thumbnail","hentry","category-guncel"],"_links":{"self":[{"href":"https:\/\/www.egemtv.com\/index.php?rest_route=\/wp\/v2\/posts\/29277","targetHints":{"allow":["GET"]}}],"collection":[{"href":"https:\/\/www.egemtv.com\/index.php?rest_route=\/wp\/v2\/posts"}],"about":[{"href":"https:\/\/www.egemtv.com\/index.php?rest_route=\/wp\/v2\/types\/post"}],"author":[{"embeddable":true,"href":"https:\/\/www.egemtv.com\/index.php?rest_route=\/wp\/v2\/users\/1"}],"replies":[{"embeddable":true,"href":"https:\/\/www.egemtv.com\/index.php?rest_route=%2Fwp%2Fv2%2Fcomments&post=29277"}],"version-history":[{"count":1,"href":"https:\/\/www.egemtv.com\/index.php?rest_route=\/wp\/v2\/posts\/29277\/revisions"}],"predecessor-version":[{"id":29279,"href":"https:\/\/www.egemtv.com\/index.php?rest_route=\/wp\/v2\/posts\/29277\/revisions\/29279"}],"wp:featuredmedia":[{"embeddable":true,"href":"https:\/\/www.egemtv.com\/index.php?rest_route=\/wp\/v2\/media\/29278"}],"wp:attachment":[{"href":"https:\/\/www.egemtv.com\/index.php?rest_route=%2Fwp%2Fv2%2Fmedia&parent=29277"}],"wp:term":[{"taxonomy":"category","embeddable":true,"href":"https:\/\/www.egemtv.com\/index.php?rest_route=%2Fwp%2Fv2%2Fcategories&post=29277"},{"taxonomy":"post_tag","embeddable":true,"href":"https:\/\/www.egemtv.com\/index.php?rest_route=%2Fwp%2Fv2%2Ftags&post=29277"}],"curies":[{"name":"wp","href":"https:\/\/api.w.org\/{rel}","templated":true}]}}