{"id":29274,"date":"2025-05-16T15:56:36","date_gmt":"2025-05-16T12:56:36","guid":{"rendered":"https:\/\/www.egemtv.com\/?p=29274"},"modified":"2025-05-16T15:56:41","modified_gmt":"2025-05-16T12:56:41","slug":"ege-bolgesi-icin-kuraklik-alarmi","status":"publish","type":"post","link":"https:\/\/www.egemtv.com\/?p=29274","title":{"rendered":"Ege B\u00f6lgesi i\u00e7in kurakl\u0131k alarm\u0131"},"content":{"rendered":"<p>Meteoroloji Genel M\u00fcd\u00fcrl\u00fc\u011f\u00fc taraf\u0131ndan a\u00e7\u0131klanan rapora g\u00f6re \u00fclkemiz son 11 y\u0131l\u0131n en az ya\u011f\u0131\u015f alan y\u0131l\u0131n\u0131 ge\u00e7iyor. Raporda Mu\u011fla\u2019n\u0131n da yer ald\u0131\u011f\u0131 Ege B\u00f6lgesinin ya\u011f\u0131\u015f normallerinden y\u00fczde 26, ge\u00e7ti\u011fimiz y\u0131la g\u00f6re ise y\u00fczde 12 oran\u0131nda daha az ya\u011f\u0131\u015f ald\u0131\u011f\u0131 belirtildi.<br \/>\n<br \/>2025 su y\u0131l\u0131 ya\u011f\u0131\u015flar\u0131, hem T\u00fcrkiye genelinde hem de Ege B\u00f6lgesi\u2019nde ciddi d\u00fc\u015f\u00fc\u015f g\u00f6stererek kurakl\u0131k riskini yeniden g\u00fcndeme ta\u015f\u0131d\u0131. 1 Ekim 2024-30 Nisan 2025 tarihleri aras\u0131nda T\u00fcrkiye genelinde ortalama 322,9 mm ya\u011f\u0131\u015f kaydedildi. Bu miktar, normalden y\u00fczde 25, ge\u00e7en y\u0131l ayn\u0131 d\u00f6neme g\u00f6re ise y\u00fczde 26 oran\u0131nda daha d\u00fc\u015f\u00fck. Bu verilere g\u00f6re son 11 y\u0131l\u0131n en d\u00fc\u015f\u00fck su y\u0131l\u0131 ya\u015fan\u0131yor.<br \/>\n<br \/>Kurakl\u0131k g\u00f6stergeleri Ege B\u00f6lgesi \u00f6zelinde daha da \u00e7arp\u0131c\u0131 bir tablo ortaya koyuyor. B\u00f6lgenin 2025 su y\u0131l\u0131 ya\u011f\u0131\u015f\u0131 365,7 mm olarak \u00f6l\u00e7\u00fcld\u00fc. Bu miktar, uzun y\u0131llar ortalamas\u0131 olan 491,9 mm\u2019ye g\u00f6re y\u00fczde 26, ge\u00e7ti\u011fimiz y\u0131l\u0131n ayn\u0131 d\u00f6nemine ait 414,5 mm\u2019ye g\u00f6re ise y\u00fczde 12 daha d\u00fc\u015f\u00fck seviyede kald\u0131.<br \/>\n<br \/>Mu\u011fla gibi tar\u0131msal \u00fcretimin b\u00fcy\u00fck \u00f6nem ta\u015f\u0131d\u0131\u011f\u0131 ve su kaynaklar\u0131n\u0131n kritik seviyede oldu\u011fu kentler bu d\u00fc\u015f\u00fc\u015ften do\u011frudan etkileniyor. Gerek i\u00e7me suyu y\u00f6netimi gerekse tar\u0131msal sulama a\u00e7\u0131s\u0131ndan su kaynaklar\u0131n\u0131n dikkatle korunmas\u0131 ve verimli kullan\u0131lmas\u0131 gereklili\u011fi, her zamankinden daha b\u00fcy\u00fck bir \u00f6nem kazanm\u0131\u015f durumda.<br \/>\n<br \/>MUSK\u0130 suyun korunmas\u0131 i\u00e7in altyap\u0131 yat\u0131r\u0131mlar\u0131na h\u0131z verdi<br \/>\n<br \/>Su kaynaklar\u0131n\u0131n giderek azalmas\u0131 nedeniyle bu kaynaklar\u0131n korunmas\u0131 ve verimli kullan\u0131lmas\u0131 ad\u0131na MUSK\u0130 ekipleri taraf\u0131ndan yo\u011fun \u00e7aba harcan\u0131yor. Yakla\u015f\u0131k 1 y\u0131ll\u0131k s\u00fcre\u00e7te yakla\u015f\u0131k 250 bin metre i\u00e7me suyu hat \u00e7al\u0131\u015fmas\u0131 26 bin ar\u0131za i\u00e7me suyu depolar\u0131nda \u00e7al\u0131\u015fmalar yap\u0131ld\u0131. Bu \u00e7al\u0131\u015fmalarla birlikte us kay\u0131p ka\u00e7a\u011f\u0131n\u0131n \u00f6n\u00fcne ge\u00e7ilerek mevcut kaynaklar\u0131n korunmas\u0131 ve g\u00fc\u00e7l\u00fc altyap\u0131 sistemleri olu\u015fturarak suyun en az kay\u0131pla halka ula\u015fmas\u0131 sa\u011flan\u0131yor. T\u00fcm bunlar\u0131n yan\u0131 s\u0131ra ar\u0131tma tesisleri ile 60 milyon metrek\u00fcpe yak\u0131n su ar\u0131t\u0131larak hem \u00e7evre kirlili\u011fi \u00f6nlendi hem de suyu geri kazan\u0131m\u0131 sa\u011fland\u0131.<br \/><\/p>\n","protected":false},"excerpt":{"rendered":"<p>Meteoroloji Genel M\u00fcd\u00fcrl\u00fc\u011f\u00fc taraf\u0131ndan a\u00e7\u0131klanan rapora g\u00f6re \u00fclkemiz son 11 y\u0131l\u0131n en az ya\u011f\u0131\u015f alan y\u0131l\u0131n\u0131 ge\u00e7iyor. Raporda Mu\u011fla\u2019n\u0131n da yer ald\u0131\u011f\u0131 Ege B\u00f6lgesinin ya\u011f\u0131\u015f normallerinden y\u00fczde 26, ge\u00e7ti\u011fimiz y\u0131la g\u00f6re ise y\u00fczde 12 oran\u0131nda daha az ya\u011f\u0131\u015f ald\u0131\u011f\u0131 belirtildi. 2025 su y\u0131l\u0131 ya\u011f\u0131\u015flar\u0131, hem T\u00fcrkiye genelinde hem de Ege B\u00f6lgesi\u2019nde ciddi d\u00fc\u015f\u00fc\u015f g\u00f6stererek kurakl\u0131k&#8230;<\/p>\n","protected":false},"author":1,"featured_media":29275,"comment_status":"open","ping_status":"open","sticky":false,"template":"","format":"standard","meta":{"_crdt_document":"","footnotes":""},"categories":[1],"tags":[],"class_list":["post-29274","post","type-post","status-publish","format-standard","has-post-thumbnail","hentry","category-guncel"],"_links":{"self":[{"href":"https:\/\/www.egemtv.com\/index.php?rest_route=\/wp\/v2\/posts\/29274","targetHints":{"allow":["GET"]}}],"collection":[{"href":"https:\/\/www.egemtv.com\/index.php?rest_route=\/wp\/v2\/posts"}],"about":[{"href":"https:\/\/www.egemtv.com\/index.php?rest_route=\/wp\/v2\/types\/post"}],"author":[{"embeddable":true,"href":"https:\/\/www.egemtv.com\/index.php?rest_route=\/wp\/v2\/users\/1"}],"replies":[{"embeddable":true,"href":"https:\/\/www.egemtv.com\/index.php?rest_route=%2Fwp%2Fv2%2Fcomments&post=29274"}],"version-history":[{"count":1,"href":"https:\/\/www.egemtv.com\/index.php?rest_route=\/wp\/v2\/posts\/29274\/revisions"}],"predecessor-version":[{"id":29276,"href":"https:\/\/www.egemtv.com\/index.php?rest_route=\/wp\/v2\/posts\/29274\/revisions\/29276"}],"wp:featuredmedia":[{"embeddable":true,"href":"https:\/\/www.egemtv.com\/index.php?rest_route=\/wp\/v2\/media\/29275"}],"wp:attachment":[{"href":"https:\/\/www.egemtv.com\/index.php?rest_route=%2Fwp%2Fv2%2Fmedia&parent=29274"}],"wp:term":[{"taxonomy":"category","embeddable":true,"href":"https:\/\/www.egemtv.com\/index.php?rest_route=%2Fwp%2Fv2%2Fcategories&post=29274"},{"taxonomy":"post_tag","embeddable":true,"href":"https:\/\/www.egemtv.com\/index.php?rest_route=%2Fwp%2Fv2%2Ftags&post=29274"}],"curies":[{"name":"wp","href":"https:\/\/api.w.org\/{rel}","templated":true}]}}