{"id":29271,"date":"2025-05-16T15:37:34","date_gmt":"2025-05-16T12:37:34","guid":{"rendered":"https:\/\/www.egemtv.com\/?p=29271"},"modified":"2025-05-16T15:37:37","modified_gmt":"2025-05-16T12:37:37","slug":"muhammed-ali-kalaydan-manisaya-gumus-madalya","status":"publish","type":"post","link":"https:\/\/www.egemtv.com\/?p=29271","title":{"rendered":"Muhammed Ali Kalay\u2019dan Manisa\u2019ya g\u00fcm\u00fc\u015f madalya"},"content":{"rendered":"<p>Yunusemre Belediyespor\u2019un g\u00fcre\u015f\u00e7isi Muhammed Ali Kalay, D\u00fczce\u2019de yap\u0131lan Okul Sporlar\u0131 K\u00fc\u00e7\u00fckler Grekoromen G\u00fcre\u015f T\u00fcrkiye Birincili\u011fi\u2019nde g\u00fcm\u00fc\u015f madalya kazanarak Manisa\u2019n\u0131n gururu oldu.<br \/>\n<br \/>Manisa\u2019da g\u00fcre\u015f altyap\u0131s\u0131na \u00f6nem veren Yunusemre Belediyespor, yeni yetenekleri T\u00fcrk g\u00fcre\u015fine kazand\u0131rmaya devam ediyor. Mavi Beyazl\u0131 kul\u00fcb\u00fcn altyap\u0131s\u0131nda yer alan Hafsa Sultan Ortaokulu \u00f6\u011frencisi Muhammed Ali Kalay, Gen\u00e7lik ve Spor Bakanl\u0131\u011f\u0131 Okul Sporlar\u0131 Daire Ba\u015fkanl\u0131\u011f\u0131 taraf\u0131ndan D\u00fczce\u2019de d\u00fczenlenen Okul Sporlar\u0131 K\u00fc\u00e7\u00fckler Grekoromen G\u00fcre\u015f T\u00fcrkiye Birincili\u011finde 34 kiloda T\u00fcrkiye 2\u2019ncisi oldu.<br \/>\n<br \/>Yunusemre Belediyespor Ba\u015fkan\u0131 B\u00fclent Kanik yapt\u0131\u011f\u0131 a\u00e7\u0131klamada, gururlu ve mutlu olduklar\u0131n\u0131 belirterek sporcuyu ve antren\u00f6rlerini tebrik etti. 2025 y\u0131l\u0131 i\u00e7erisinde g\u00fcre\u015fte \u00e7ok say\u0131da madalya kazand\u0131klar\u0131n\u0131n alt\u0131n\u0131 \u00e7izen Ba\u015fkan Kanik, b\u00fcy\u00fck emek ve destekler neticesinde altyap\u0131dan performans sporcusu yeti\u015ftirdiklerini vurgulad\u0131. Yunusemre Belediye Ba\u015fkan\u0131 Semih Balaban ile Manisa Gen\u00e7lik ve Spor \u0130l M\u00fcd\u00fcr\u00fc Yunus \u00d6zt\u00fcrk\u2019e desteklerinden \u00f6t\u00fcr\u00fc te\u015fekk\u00fcr eden Kanik, hedeflerinin uluslararas\u0131 seviyede madalyalar kazanmak oldu\u011funu s\u00f6zlerine ekledi.<br \/><\/p>\n","protected":false},"excerpt":{"rendered":"<p>Yunusemre Belediyespor\u2019un g\u00fcre\u015f\u00e7isi Muhammed Ali Kalay, D\u00fczce\u2019de yap\u0131lan Okul Sporlar\u0131 K\u00fc\u00e7\u00fckler Grekoromen G\u00fcre\u015f T\u00fcrkiye Birincili\u011fi\u2019nde g\u00fcm\u00fc\u015f madalya kazanarak Manisa\u2019n\u0131n gururu oldu. Manisa\u2019da g\u00fcre\u015f altyap\u0131s\u0131na \u00f6nem veren Yunusemre Belediyespor, yeni yetenekleri T\u00fcrk g\u00fcre\u015fine kazand\u0131rmaya devam ediyor. Mavi Beyazl\u0131 kul\u00fcb\u00fcn altyap\u0131s\u0131nda yer alan Hafsa Sultan Ortaokulu \u00f6\u011frencisi Muhammed Ali Kalay, Gen\u00e7lik ve Spor Bakanl\u0131\u011f\u0131 Okul Sporlar\u0131 Daire&#8230;<\/p>\n","protected":false},"author":1,"featured_media":29272,"comment_status":"open","ping_status":"open","sticky":false,"template":"","format":"standard","meta":{"_crdt_document":"","footnotes":""},"categories":[4],"tags":[],"class_list":["post-29271","post","type-post","status-publish","format-standard","has-post-thumbnail","hentry","category-spor"],"_links":{"self":[{"href":"https:\/\/www.egemtv.com\/index.php?rest_route=\/wp\/v2\/posts\/29271","targetHints":{"allow":["GET"]}}],"collection":[{"href":"https:\/\/www.egemtv.com\/index.php?rest_route=\/wp\/v2\/posts"}],"about":[{"href":"https:\/\/www.egemtv.com\/index.php?rest_route=\/wp\/v2\/types\/post"}],"author":[{"embeddable":true,"href":"https:\/\/www.egemtv.com\/index.php?rest_route=\/wp\/v2\/users\/1"}],"replies":[{"embeddable":true,"href":"https:\/\/www.egemtv.com\/index.php?rest_route=%2Fwp%2Fv2%2Fcomments&post=29271"}],"version-history":[{"count":1,"href":"https:\/\/www.egemtv.com\/index.php?rest_route=\/wp\/v2\/posts\/29271\/revisions"}],"predecessor-version":[{"id":29273,"href":"https:\/\/www.egemtv.com\/index.php?rest_route=\/wp\/v2\/posts\/29271\/revisions\/29273"}],"wp:featuredmedia":[{"embeddable":true,"href":"https:\/\/www.egemtv.com\/index.php?rest_route=\/wp\/v2\/media\/29272"}],"wp:attachment":[{"href":"https:\/\/www.egemtv.com\/index.php?rest_route=%2Fwp%2Fv2%2Fmedia&parent=29271"}],"wp:term":[{"taxonomy":"category","embeddable":true,"href":"https:\/\/www.egemtv.com\/index.php?rest_route=%2Fwp%2Fv2%2Fcategories&post=29271"},{"taxonomy":"post_tag","embeddable":true,"href":"https:\/\/www.egemtv.com\/index.php?rest_route=%2Fwp%2Fv2%2Ftags&post=29271"}],"curies":[{"name":"wp","href":"https:\/\/api.w.org\/{rel}","templated":true}]}}