{"id":29268,"date":"2025-05-16T15:37:29","date_gmt":"2025-05-16T12:37:29","guid":{"rendered":"https:\/\/www.egemtv.com\/?p=29268"},"modified":"2025-05-16T15:37:33","modified_gmt":"2025-05-16T12:37:33","slug":"izmirin-gobeginde-cop-alanindan-urkuten-goruntu","status":"publish","type":"post","link":"https:\/\/www.egemtv.com\/?p=29268","title":{"rendered":"\u0130zmir\u2019in g\u00f6be\u011finde \u00e7\u00f6p alan\u0131ndan \u00fcrk\u00fcten g\u00f6r\u00fcnt\u00fc"},"content":{"rendered":"<p>\u0130zmir\u2019in Gaziemir il\u00e7esine ba\u011fl\u0131 Sarn\u0131\u00e7 Mahallesindeki ye\u015fil alana b\u0131rak\u0131lan \u00e7\u00f6p ve moloz y\u0131\u011f\u0131nlar\u0131 hem halk sa\u011fl\u0131\u011f\u0131n\u0131 hem de \u00e7evreyi tehdit ediyor.<br \/>\n<br \/>Gaziemir\u2019e ba\u011fl\u0131 Sarn\u0131\u00e7 semtinde okul ve i\u015f yerlerinin bulundu\u011fu ye\u015fil alan, Gaziemir Belediyesi\u2019nce ge\u00e7ici at\u0131k depolama alan\u0131 olarak kullan\u0131l\u0131yor. Hem halk sa\u011fl\u0131\u011f\u0131n\u0131 hem de \u00e7evreyi tehdit eden moloz ve \u00e7\u00f6p y\u0131\u011f\u0131nlar\u0131n\u0131n neden oldu\u011fu \u00e7irkin manzara, k\u00f6t\u00fc kokular b\u00f6lgede ya\u015fayan vatanda\u015flar\u0131 rahats\u0131z ediyor. \u00c7\u00f6p y\u0131\u011f\u0131nlar\u0131, ya\u015fanabilecek bir yang\u0131n felaketine kar\u015f\u0131 adeta davetiye \u00e7\u0131kar\u0131yor.<\/p>\n<p>&#8220;CHP\u2019li belediyeler \u00e7evrecilik konusunda mangalda k\u00fcl b\u0131rakm\u0131yorlar&#8221;<br \/>\n<br \/>Sarn\u0131\u00e7 b\u00f6lgesinde daha \u00f6nce de vah\u015fi \u00e7\u00f6p depolama alan\u0131 tespit ettiklerini belirten AK Parti Gaziemir Belediye Meclis \u00dcyesi \u00dcnal \u0130nan Atmaca, &#8220;Ge\u00e7ti\u011fimiz g\u00fcnlerde Gaziemir Belediyesi\u2019nin yine Sarn\u0131\u00e7 b\u00f6lgesinde vah\u015fi depolama yapt\u0131\u011f\u0131 bir alan\u0131 tespit etmi\u015ftik. Bug\u00fcn maalesef bu alan\u0131n ikincisinin de Sarn\u0131\u00e7\u2019ta oldu\u011funu g\u00f6r\u00fcyoruz. Bu her f\u0131rsatta Cumhuriyet Halk Partili belediyelerin \u00e7evreci s\u00f6ylemleri ile uyu\u015fmayan bir tablo. Biliyorsunuz \u00e7evrecilik konusunda mangalda k\u00fcl b\u0131rakm\u0131yorlar ama sonu\u00e7ta yapt\u0131klar\u0131 i\u015f de burada ortada. Her t\u00fcrl\u00fc yan\u0131c\u0131 parlay\u0131c\u0131, belki kimyasal i\u00e7eren bir s\u00fcr\u00fc maddeler var ve bunlar burada insanlar\u0131m\u0131z\u0131n \u00e7al\u0131\u015ft\u0131\u011f\u0131, \u00fcretim yapt\u0131\u011f\u0131 yerlerin ortas\u0131nda, fabrikalar\u0131n ortas\u0131nda maalesef insanlar\u0131n hem mal varl\u0131klar\u0131na hem can varl\u0131klar\u0131na kasteden bir tehlike olu\u015fturuyor. Hatta biraz \u00f6nce bir fabrika sahibi ile g\u00f6r\u00fc\u015ft\u00fck. Yurt d\u0131\u015f\u0131ndan gelen misafirlerin bunu bir t\u00fcrl\u00fc anlayamad\u0131\u011f\u0131n\u0131, ak\u0131llar\u0131n\u0131 almad\u0131\u011f\u0131n\u0131 ifade ettiler. Bu da tabii \u00fclkemiz ad\u0131na da \u00e7ok \u00fcz\u00fcc\u00fc bir durum&#8221; dedi.<\/p>\n<p>&#8220;\u00c7\u00f6p at\u0131klar\u0131 hem \u00e7evreye hem de yeralt\u0131 sular\u0131na zarar veriyor&#8221;<br \/>\n<br \/>Gaziemir Belediyesinin resmi a\u00e7\u0131klamas\u0131nda \u00e7\u00f6p at\u0131klar\u0131n\u0131n ge\u00e7ici olarak b\u00f6lgeye b\u0131rak\u0131ld\u0131\u011f\u0131n\u0131 ancak bir y\u0131ldan fazlad\u0131r \u00e7\u00f6plerin burada bulundu\u011funu aktaran Atmaca, &#8220;Belediye resmi a\u00e7\u0131klamas\u0131nda \u015funu s\u00f6yl\u00fcyor. \u0130\u015fte at\u0131klar\u0131 toplad\u0131klar\u0131n\u0131, ge\u00e7ici olarak burada depolad\u0131klar\u0131n\u0131 ve ayr\u0131\u015ft\u0131rd\u0131ktan sonra B\u00fcy\u00fck\u015fehir Belediyesine ait alanlara aktarma yapt\u0131klar\u0131n\u0131 s\u00f6yl\u00fcyorlar. Ama buradaki at\u0131klar bir y\u0131ldan beri b\u00f6yle. Belki bir y\u0131ldan da fazla olabilir. Yani yeni se\u00e7ilen Gaziemir Belediye Ba\u015fkan\u0131 \u00dcnal I\u015f\u0131k maalesef bu konuda b\u00f6yle bir aymazl\u0131k i\u00e7erisinde \u00e7evreye verdi\u011fi zarar\u0131n da belki fark\u0131nda de\u011fil ama biz bunlar\u0131 uyarmakla m\u00fckellefiz. Biz bunlar\u0131 dile getiriyoruz. Sarn\u0131\u00e7\u2019\u0131m\u0131z ad\u0131na, Gaziemir\u2019imiz ad\u0131na, \u0130zmir\u2019imiz ad\u0131na \u00fcz\u00fcl\u00fcyoruz. As\u0131l tehlike tabii ki yani koku ve kimyasal boyutu var ama Sarn\u0131\u00e7 b\u00f6lgesi Tahtal\u0131 Baraj\u0131 koruma alan\u0131 i\u00e7erisinde yer al\u0131yor. Dolay\u0131s\u0131yla yani bu t\u00fcm burada g\u00f6rd\u00fc\u011f\u00fcn\u00fcz fabrikalar\u0131n bir altyap\u0131 sistemiyle at\u0131klar\u0131 toplan\u0131yor. Dolay\u0131s\u0131yla buradaki a\u00e7\u0131k alanda bu \u015fekilde vah\u015fi bir \u015fekilde depolanm\u0131\u015f bu maddelerin \u00fczerine ya\u011fan ya\u011fmurlarla birlikte yeralt\u0131 sular\u0131n\u0131n kirletilmesine sebebiyet veriyor. Yani Sarn\u0131\u00e7\u2019\u0131n asl\u0131nda kelime anlam\u0131 da su deposudur. O y\u00fczden bu vah\u015fi at\u0131k depolama alan\u0131n\u0131n \u00e7evreye verdi\u011fi zarara paralel olarak bir de yeralt\u0131 sular\u0131na verdi\u011fi zararlar var&#8221; diye konu\u015ftu.<\/p>\n<p>&#8220;Can g\u00fcvenli\u011fine zarar verebilecek hususlar konusunda Gaziemir Belediye Ba\u015fkan\u0131\u2019n\u0131 uyar\u0131yoruz&#8221;<br \/>\n<br \/>At\u0131klar\u0131n b\u0131rak\u0131ld\u0131\u011f\u0131 b\u00f6lgede herhangi bir koruyucu \u00f6nlemin al\u0131nmad\u0131\u011f\u0131na dikkat \u00e7eken Atmaca, &#8220;Bir di\u011fer bir as\u0131l \u00fczerinde durmam\u0131z gereken konu da; etraf\u0131nda herhangi bir bariyer, bir tel \u00f6rg\u00fc ya da giri\u015fi engelleyecek bir engel maalesef yok. Dolay\u0131s\u0131yla buraya gece veya g\u00fcn\u00fcn herhangi bir vaktinde veya hafta sonu getirilip \u00e7ok farkl\u0131 at\u0131klar at\u0131labilir. Ve bunun da sorumlusu Gaziemir Belediyesidir, \u0130zmir B\u00fcy\u00fck\u015fehir Belediyesidir. Bundan dolay\u0131 kaynaklanacak her t\u00fcrl\u00fc can ve mal g\u00fcvenli\u011fine zarar verebilecek hususlar konusunda Gaziemir Belediye Ba\u015fkan\u0131\u2019n\u0131 buradan uyar\u0131yoruz&#8221; ifadelerini kulland\u0131.<\/p>\n<p>&#8220;En temel g\u00f6revini yapam\u0131yorsa o ba\u015fkan\u0131n istifa etmesi gerekir&#8221;<br \/>\n<br \/>\u0130zmir\u2019in farkl\u0131 belediyelerinde de \u00e7\u00f6p sorunlar\u0131n\u0131n ya\u015fand\u0131\u011f\u0131n\u0131 kaydeden Atmaca, &#8220;\u0130zmir\u2019de zaten son d\u00f6nemde il\u00e7e belediyelerinde biliyorsunuz hem maa\u015flar\u0131n \u00f6denmemesi sebebiyle grevler ve \u00e7\u00f6p toplanmamas\u0131 s\u00f6z konusuydu. Asl\u0131nda belki de Gaziemir Belediyesi de maa\u015flar\u0131 yar\u0131m yat\u0131rd\u0131\u011f\u0131 i\u00e7in bunlar\u0131 bu \u015fekilde getirip k\u0131sa metrajda mazot masraf\u0131 olmas\u0131n diye bu \u015fekilde depoluyor olabilir. \u00c7\u00f6p toplamak belediyelerin en temel g\u00f6revlerinden bir tanesi. E\u011fer en temel g\u00f6revini bir belediye yapam\u0131yorsa o ba\u015fkan\u0131n istifa etmesi gerekir diye d\u00fc\u015f\u00fcn\u00fcyorum&#8221; dedi.<br \/>\n<br \/>B\u00f6lgede okullar\u0131n ve fabrikalar\u0131n bulundu\u011funu belirten Atmaca, &#8220;Kar\u015f\u0131 tarafta okul da var. Yani burada her tarafa ger\u00e7ekten \u00e7ok ciddi zararlar verebilecek bir pozisyonda ve buras\u0131 kamuya terkli bir alan. Yani Gaziemir Belediyesi bu alan bu \u015fekilde kullanma l\u00fcks\u00fcne sahip de\u011fil. Buradaki insanlar\u0131n, okuldaki \u00e7ocuklar\u0131n, fabrikalardaki \u00e7al\u0131\u015fan yurtta\u015flar\u0131m\u0131z\u0131n kullan\u0131m\u0131na y\u00f6nelik burada bir ye\u015fil alan, bir park d\u00fczenlemesi yap\u0131lmas\u0131 gerekirken bu \u015fekilde \u00e7\u00f6p da\u011flar\u0131n\u0131n y\u0131\u011f\u0131lmas\u0131 Gaziemir Belediyesi ad\u0131na bir utan\u00e7t\u0131r&#8221; diye konu\u015ftu.<br \/><\/p>\n","protected":false},"excerpt":{"rendered":"<p>\u0130zmir\u2019in Gaziemir il\u00e7esine ba\u011fl\u0131 Sarn\u0131\u00e7 Mahallesindeki ye\u015fil alana b\u0131rak\u0131lan \u00e7\u00f6p ve moloz y\u0131\u011f\u0131nlar\u0131 hem halk sa\u011fl\u0131\u011f\u0131n\u0131 hem de \u00e7evreyi tehdit ediyor. Gaziemir\u2019e ba\u011fl\u0131 Sarn\u0131\u00e7 semtinde okul ve i\u015f yerlerinin bulundu\u011fu ye\u015fil alan, Gaziemir Belediyesi\u2019nce ge\u00e7ici at\u0131k depolama alan\u0131 olarak kullan\u0131l\u0131yor. Hem halk sa\u011fl\u0131\u011f\u0131n\u0131 hem de \u00e7evreyi tehdit eden moloz ve \u00e7\u00f6p y\u0131\u011f\u0131nlar\u0131n\u0131n neden oldu\u011fu \u00e7irkin&#8230;<\/p>\n","protected":false},"author":1,"featured_media":29269,"comment_status":"open","ping_status":"open","sticky":false,"template":"","format":"standard","meta":{"_crdt_document":"","footnotes":""},"categories":[1],"tags":[],"class_list":["post-29268","post","type-post","status-publish","format-standard","has-post-thumbnail","hentry","category-guncel"],"_links":{"self":[{"href":"https:\/\/www.egemtv.com\/index.php?rest_route=\/wp\/v2\/posts\/29268","targetHints":{"allow":["GET"]}}],"collection":[{"href":"https:\/\/www.egemtv.com\/index.php?rest_route=\/wp\/v2\/posts"}],"about":[{"href":"https:\/\/www.egemtv.com\/index.php?rest_route=\/wp\/v2\/types\/post"}],"author":[{"embeddable":true,"href":"https:\/\/www.egemtv.com\/index.php?rest_route=\/wp\/v2\/users\/1"}],"replies":[{"embeddable":true,"href":"https:\/\/www.egemtv.com\/index.php?rest_route=%2Fwp%2Fv2%2Fcomments&post=29268"}],"version-history":[{"count":1,"href":"https:\/\/www.egemtv.com\/index.php?rest_route=\/wp\/v2\/posts\/29268\/revisions"}],"predecessor-version":[{"id":29270,"href":"https:\/\/www.egemtv.com\/index.php?rest_route=\/wp\/v2\/posts\/29268\/revisions\/29270"}],"wp:featuredmedia":[{"embeddable":true,"href":"https:\/\/www.egemtv.com\/index.php?rest_route=\/wp\/v2\/media\/29269"}],"wp:attachment":[{"href":"https:\/\/www.egemtv.com\/index.php?rest_route=%2Fwp%2Fv2%2Fmedia&parent=29268"}],"wp:term":[{"taxonomy":"category","embeddable":true,"href":"https:\/\/www.egemtv.com\/index.php?rest_route=%2Fwp%2Fv2%2Fcategories&post=29268"},{"taxonomy":"post_tag","embeddable":true,"href":"https:\/\/www.egemtv.com\/index.php?rest_route=%2Fwp%2Fv2%2Ftags&post=29268"}],"curies":[{"name":"wp","href":"https:\/\/api.w.org\/{rel}","templated":true}]}}