{"id":29265,"date":"2025-05-16T15:16:42","date_gmt":"2025-05-16T12:16:42","guid":{"rendered":"https:\/\/www.egemtv.com\/?p=29265"},"modified":"2025-05-16T15:16:46","modified_gmt":"2025-05-16T12:16:46","slug":"turgutluda-evinde-12-kopekle-yasayan-kadin-gozaltina-alindi","status":"publish","type":"post","link":"https:\/\/www.egemtv.com\/?p=29265","title":{"rendered":"Turgutlu\u2019da evinde 12 k\u00f6pekle ya\u015fayan kad\u0131n g\u00f6zalt\u0131na al\u0131nd\u0131"},"content":{"rendered":"<p>Manisa\u2019n\u0131n Turgutlu il\u00e7esinde 12 sokak k\u00f6pe\u011fiyle birlikte ya\u015fad\u0131\u011f\u0131 apartman dairesini \u00e7\u00f6p eve \u00e7eviren kad\u0131n, ev sahibince ald\u0131r\u0131lan tahliye karar\u0131na direnince polis ekipleri taraf\u0131ndan g\u00f6zalt\u0131na al\u0131nd\u0131.<br \/>\n<br \/>Olay, Turgutlu il\u00e7esi Seyfi Delirsoy Caddesi\u2019nde bir apartman dairesinde sabah saatlerinde meydana geldi. \u0130ddiaya g\u00f6re, 12 sokak k\u00f6pe\u011fiyle birlikte ya\u015fayan kad\u0131n\u0131n evinden gelen k\u00f6t\u00fc kokular \u00fczerine kom\u015fular \u015fikayet\u00e7i oldu. Ev sahibi uzun s\u00fcredir evin tahliyesi i\u00e7in giri\u015fimlerde bulunurken, evdeki k\u00f6t\u00fc koku ve hijyen sorunlar\u0131 nedeniyle \u00e7evre sakinlerinin de \u015fikayetlerde bulundu\u011fu \u00f6\u011frenildi. \u015eikayetler \u00fczerine polis ve belediye ekipleri adrese y\u00f6nlendirildi. Evde yap\u0131lan ilk incelemelerde, evin ciddi \u015fekilde kirlendi\u011fi, \u00e7\u00f6plerin birikti\u011fi ve k\u00f6peklerin bak\u0131ms\u0131z bir \u015fekilde ya\u015fad\u0131\u011f\u0131 tespit edildi. K\u00f6peklerde sa\u011fl\u0131k ve davran\u0131\u015f sorunlar\u0131 oldu\u011fu belirtilirken, Nihal K. isimli ki\u015finin ifadesinde veteriner hekim oldu\u011funu ve &#8220;Hayvanlar\u0131n travmalar\u0131 var, ben onlar\u0131 iyile\u015ftiriyorum&#8221; dedi\u011fi \u00f6\u011frenildi.<br \/>\n<br \/>Nihal K.\u2019nin polislere direndi\u011fi ve m\u00fcdahale s\u0131ras\u0131nda kelep\u00e7eyle g\u00f6zalt\u0131na al\u0131nd\u0131\u011f\u0131 \u00f6\u011frenildi. Hayvanlar\u0131n durumu i\u00e7in belediye veteriner ekipleri s\u00fcrece dahil olurken, olayla ilgili adli ve idari i\u015flemlerin ba\u015flat\u0131ld\u0131\u011f\u0131 \u00f6\u011frenildi.<br \/><\/p>\n","protected":false},"excerpt":{"rendered":"<p>Manisa\u2019n\u0131n Turgutlu il\u00e7esinde 12 sokak k\u00f6pe\u011fiyle birlikte ya\u015fad\u0131\u011f\u0131 apartman dairesini \u00e7\u00f6p eve \u00e7eviren kad\u0131n, ev sahibince ald\u0131r\u0131lan tahliye karar\u0131na direnince polis ekipleri taraf\u0131ndan g\u00f6zalt\u0131na al\u0131nd\u0131. Olay, Turgutlu il\u00e7esi Seyfi Delirsoy Caddesi\u2019nde bir apartman dairesinde sabah saatlerinde meydana geldi. \u0130ddiaya g\u00f6re, 12 sokak k\u00f6pe\u011fiyle birlikte ya\u015fayan kad\u0131n\u0131n evinden gelen k\u00f6t\u00fc kokular \u00fczerine kom\u015fular \u015fikayet\u00e7i oldu. Ev&#8230;<\/p>\n","protected":false},"author":1,"featured_media":29266,"comment_status":"open","ping_status":"open","sticky":false,"template":"","format":"standard","meta":{"_crdt_document":"","footnotes":""},"categories":[5],"tags":[],"class_list":["post-29265","post","type-post","status-publish","format-standard","has-post-thumbnail","hentry","category-asayis"],"_links":{"self":[{"href":"https:\/\/www.egemtv.com\/index.php?rest_route=\/wp\/v2\/posts\/29265","targetHints":{"allow":["GET"]}}],"collection":[{"href":"https:\/\/www.egemtv.com\/index.php?rest_route=\/wp\/v2\/posts"}],"about":[{"href":"https:\/\/www.egemtv.com\/index.php?rest_route=\/wp\/v2\/types\/post"}],"author":[{"embeddable":true,"href":"https:\/\/www.egemtv.com\/index.php?rest_route=\/wp\/v2\/users\/1"}],"replies":[{"embeddable":true,"href":"https:\/\/www.egemtv.com\/index.php?rest_route=%2Fwp%2Fv2%2Fcomments&post=29265"}],"version-history":[{"count":1,"href":"https:\/\/www.egemtv.com\/index.php?rest_route=\/wp\/v2\/posts\/29265\/revisions"}],"predecessor-version":[{"id":29267,"href":"https:\/\/www.egemtv.com\/index.php?rest_route=\/wp\/v2\/posts\/29265\/revisions\/29267"}],"wp:featuredmedia":[{"embeddable":true,"href":"https:\/\/www.egemtv.com\/index.php?rest_route=\/wp\/v2\/media\/29266"}],"wp:attachment":[{"href":"https:\/\/www.egemtv.com\/index.php?rest_route=%2Fwp%2Fv2%2Fmedia&parent=29265"}],"wp:term":[{"taxonomy":"category","embeddable":true,"href":"https:\/\/www.egemtv.com\/index.php?rest_route=%2Fwp%2Fv2%2Fcategories&post=29265"},{"taxonomy":"post_tag","embeddable":true,"href":"https:\/\/www.egemtv.com\/index.php?rest_route=%2Fwp%2Fv2%2Ftags&post=29265"}],"curies":[{"name":"wp","href":"https:\/\/api.w.org\/{rel}","templated":true}]}}