{"id":29259,"date":"2025-05-16T14:55:31","date_gmt":"2025-05-16T11:55:31","guid":{"rendered":"https:\/\/www.egemtv.com\/?p=29259"},"modified":"2025-05-16T14:55:37","modified_gmt":"2025-05-16T11:55:37","slug":"meahta-psikiyatri-kliniginin-12-uzmani-koca-oldu","status":"publish","type":"post","link":"https:\/\/www.egemtv.com\/?p=29259","title":{"rendered":"MEAH\u2019ta Psikiyatri Klini\u011fi\u2019nin 12. uzman\u0131 Koca, oldu"},"content":{"rendered":"<p>Mu\u011fla E\u011fitim ve Ara\u015ft\u0131rma Hastanesi Ruh Sa\u011fl\u0131\u011f\u0131 ve Hastal\u0131klar\u0131 Anabilim Dal\u0131\u2019nda uzmanl\u0131k e\u011fitimi alan Dr. Fatma Ta\u015fk\u0131n Koca, 5 May\u0131s 2025 tarihinde girdi\u011fi uzmanl\u0131k s\u0131nav\u0131n\u0131 ba\u015far\u0131yla tamamlayarak psikiyatri klini\u011finin 12. uzman\u0131 olmaya hak kazand\u0131.<\/p>\n<p>Uzmanl\u0131k s\u0131nav\u0131, Ruh Sa\u011fl\u0131\u011f\u0131 ve Hastal\u0131klar\u0131 Anabilim Dal\u0131 Ba\u015fkan\u0131 Prof. Dr. Osman Virit ba\u015fkanl\u0131\u011f\u0131nda ger\u00e7ekle\u015ftirildi. S\u0131nav j\u00fcrisinde Ruh Sa\u011fl\u0131\u011f\u0131 ve Hastal\u0131klar\u0131 Anabilim Dal\u0131\u2019ndan Dr. \u00d6\u011fr. \u00dcyesi Meltem Derya \u015eahin, Dr. \u00d6\u011fr. \u00dcyesi Mahmut Sel\u00e7uk, N\u00f6roloji Anabilim Dal\u0131\u2019ndan Prof. Dr. Semai Bek, \u00c7ocuk ve Ergen Ruh Sa\u011fl\u0131\u011f\u0131 ve Hastal\u0131klar\u0131 Anabilim Dal\u0131 Ba\u015fkan\u0131 Prof. Dr. Nilfer \u015eahin yer ald\u0131.<\/p>\n<p>Dr. Fatma Ta\u015fk\u0131n Koca\u2019n\u0131n uzmanl\u0131k tez dan\u0131\u015fmanl\u0131\u011f\u0131n\u0131 Dr. \u00d6\u011fr. \u00dcyesi Mahmut Sel\u00e7uk \u00fcstlenirken, Dr. Ta\u015fk\u0131n Koca, Mu\u011fla E\u011fitim ve Ara\u015ft\u0131rma Hastanesi\u2019nden uzmanl\u0131\u011f\u0131n\u0131 alan 172. ara\u015ft\u0131rma g\u00f6revlisi hekim oldu.<\/p>\n<p>S\u0131nav\u0131n ard\u0131ndan Mu\u011fla S\u0131tk\u0131 Ko\u00e7man \u00dcniversitesi T\u0131p Fak\u00fcltesi Dekan\u0131 Prof. Dr. S\u00fcleyman C\u00fcneyt Karaku\u015f, s\u0131nav j\u00fcrisi \u00fcyelerini ve Dr. Fatma Ta\u015fk\u0131n Koca\u2019y\u0131 ziyaret ederek tebriklerini iletti.<br \/><\/p>\n","protected":false},"excerpt":{"rendered":"<p>Mu\u011fla E\u011fitim ve Ara\u015ft\u0131rma Hastanesi Ruh Sa\u011fl\u0131\u011f\u0131 ve Hastal\u0131klar\u0131 Anabilim Dal\u0131\u2019nda uzmanl\u0131k e\u011fitimi alan Dr. Fatma Ta\u015fk\u0131n Koca, 5 May\u0131s 2025 tarihinde girdi\u011fi uzmanl\u0131k s\u0131nav\u0131n\u0131 ba\u015far\u0131yla tamamlayarak psikiyatri klini\u011finin 12. uzman\u0131 olmaya hak kazand\u0131. Uzmanl\u0131k s\u0131nav\u0131, Ruh Sa\u011fl\u0131\u011f\u0131 ve Hastal\u0131klar\u0131 Anabilim Dal\u0131 Ba\u015fkan\u0131 Prof. Dr. Osman Virit ba\u015fkanl\u0131\u011f\u0131nda ger\u00e7ekle\u015ftirildi. S\u0131nav j\u00fcrisinde Ruh Sa\u011fl\u0131\u011f\u0131 ve Hastal\u0131klar\u0131&#8230;<\/p>\n","protected":false},"author":1,"featured_media":29260,"comment_status":"open","ping_status":"open","sticky":false,"template":"","format":"standard","meta":{"_crdt_document":"","footnotes":""},"categories":[2],"tags":[],"class_list":["post-29259","post","type-post","status-publish","format-standard","has-post-thumbnail","hentry","category-saglik"],"_links":{"self":[{"href":"https:\/\/www.egemtv.com\/index.php?rest_route=\/wp\/v2\/posts\/29259","targetHints":{"allow":["GET"]}}],"collection":[{"href":"https:\/\/www.egemtv.com\/index.php?rest_route=\/wp\/v2\/posts"}],"about":[{"href":"https:\/\/www.egemtv.com\/index.php?rest_route=\/wp\/v2\/types\/post"}],"author":[{"embeddable":true,"href":"https:\/\/www.egemtv.com\/index.php?rest_route=\/wp\/v2\/users\/1"}],"replies":[{"embeddable":true,"href":"https:\/\/www.egemtv.com\/index.php?rest_route=%2Fwp%2Fv2%2Fcomments&post=29259"}],"version-history":[{"count":1,"href":"https:\/\/www.egemtv.com\/index.php?rest_route=\/wp\/v2\/posts\/29259\/revisions"}],"predecessor-version":[{"id":29261,"href":"https:\/\/www.egemtv.com\/index.php?rest_route=\/wp\/v2\/posts\/29259\/revisions\/29261"}],"wp:featuredmedia":[{"embeddable":true,"href":"https:\/\/www.egemtv.com\/index.php?rest_route=\/wp\/v2\/media\/29260"}],"wp:attachment":[{"href":"https:\/\/www.egemtv.com\/index.php?rest_route=%2Fwp%2Fv2%2Fmedia&parent=29259"}],"wp:term":[{"taxonomy":"category","embeddable":true,"href":"https:\/\/www.egemtv.com\/index.php?rest_route=%2Fwp%2Fv2%2Fcategories&post=29259"},{"taxonomy":"post_tag","embeddable":true,"href":"https:\/\/www.egemtv.com\/index.php?rest_route=%2Fwp%2Fv2%2Ftags&post=29259"}],"curies":[{"name":"wp","href":"https:\/\/api.w.org\/{rel}","templated":true}]}}