{"id":29256,"date":"2025-05-16T14:55:26","date_gmt":"2025-05-16T11:55:26","guid":{"rendered":"https:\/\/www.egemtv.com\/?p=29256"},"modified":"2025-05-16T14:55:31","modified_gmt":"2025-05-16T11:55:31","slug":"gorme-engelli-ogrencilere-akilli-bastonlar-hediye-edildi","status":"publish","type":"post","link":"https:\/\/www.egemtv.com\/?p=29256","title":{"rendered":"G\u00f6rme engelli \u00f6\u011frencilere ak\u0131ll\u0131 bastonlar hediye edildi"},"content":{"rendered":"<p>Manisa Celal Bayar \u00dcniversitesinde, Engelliler Haftas\u0131 etkinlikleri kapsam\u0131nda d\u00fczenlenen etkinlikte g\u00f6rme engelli \u00f6\u011frencilere, g\u00fcnl\u00fck ya\u015famlar\u0131n\u0131 kolayla\u015ft\u0131racak ve ba\u011f\u0131ms\u0131z hareket kabiliyetlerini destekleyecek yerli teknoloji firmas\u0131 WeWALK taraf\u0131ndan geli\u015ftirilen, WeWALK Ak\u0131ll\u0131 Baston 2 Plus, ak\u0131ll\u0131 bastonlar hediye edildi.<br \/>\n<br \/>MCB\u00dc Rekt\u00f6rl\u00fc\u011f\u00fc\u2019nde ger\u00e7ekle\u015ftirilen teslim t\u00f6renine Rekt\u00f6r Prof. Dr. Rana Kibar, Rekt\u00f6r Yard\u0131mc\u0131s\u0131 Prof. Dr. Kadir Ay, Engelli Koordinasyon Birimi Koordinat\u00f6r\u00fc Dr. \u00d6\u011fr. \u00dcyesi \u00d6zhan Kala\u00e7, akademisyenler ve g\u00f6rme engelli \u00f6\u011frenciler kat\u0131ld\u0131.<br \/>\n<br \/>Engelli Koordinasyon Birimi Koordinat\u00f6r\u00fc Dr. \u00d6\u011fr. \u00dcyesi \u00d6zhan Kala\u00e7 \u00fcniversite olarak engelli \u00f6\u011frencilerin ihtiya\u00e7lar\u0131na y\u00f6nelik \u00e7al\u0131\u015fmalar\u0131n aral\u0131ks\u0131z devam etti\u011fini belirterek, &#8220;Amac\u0131m\u0131z, \u00fcniversitemizi engelli dostu bir kamp\u00fcs haline getirmek ve \u00f6\u011frencilerimizin her t\u00fcrl\u00fc zorlu\u011fun \u00fcstesinden gelmelerine yard\u0131mc\u0131 olmak. Ak\u0131ll\u0131 bastonlar da bu hedefimize ula\u015fmada \u00f6nemli bir ad\u0131m te\u015fkil ediyor.&#8221; dedi.<br \/>\n<br \/>Ak\u0131ll\u0131 bastonlar, sahip olduklar\u0131 sens\u00f6rler sayesinde \u00e7evredeki engelleri alg\u0131layarak kullan\u0131c\u0131s\u0131n\u0131 titre\u015fim veya sesli uyar\u0131larla bilgilendiriyor. \u00dczerinde bulunan ultrasonik sens\u00f6rler, sesli y\u00f6nlendirme sistemi ve ak\u0131ll\u0131 telefon entegrasyonu gibi geli\u015fmi\u015f \u00f6zellikleri sayesinde kullan\u0131c\u0131lar\u0131n \u00e7evrelerini daha g\u00fcvenli \u015fekilde alg\u0131lamalar\u0131na ve \u015fehir i\u00e7i navigasyon hizmetlerinden de etkin \u015fekilde faydalanmalar\u0131na imkan tan\u0131yor.<br \/>\n<br \/>Bu sayede g\u00f6rme engelli bireylerin daha g\u00fcvenli ve bilin\u00e7li bir \u015fekilde hareket etmeleri m\u00fcmk\u00fcn hale geliyor. Bastonlar\u0131n da\u011f\u0131t\u0131m\u0131 s\u0131ras\u0131nda duygusal anlar ya\u015fan\u0131rken, \u00f6\u011frenciler bu anlaml\u0131 destekten dolay\u0131 \u00fcniversite y\u00f6netimine te\u015fekk\u00fcrlerini iletti.<br \/>\n<br \/>T\u00f6rende konu\u015fan Rekt\u00f6r Prof. Dr. Rana Kibar, \u00fcniversite olarak t\u00fcm \u00f6\u011frencilerin e\u015fit \u015fartlarda e\u011fitim almas\u0131n\u0131 ve sosyal hayata aktif kat\u0131l\u0131mlar\u0131n\u0131 \u00f6nemsediklerini vurgulad\u0131. Rekt\u00f6r Kibar, &#8220;G\u00f6rme engelli \u00f6\u011frencilerimizin hayatlar\u0131na bir nebze de olsa dokunabilmek ve onlar\u0131n ba\u011f\u0131ms\u0131z ad\u0131mlar atmas\u0131na destek olmak istedik. Ak\u0131ll\u0131 bastonlar\u0131n, \u00f6\u011frencilerimizin g\u00fcvenli\u011fini art\u0131raca\u011f\u0131na ve hareket \u00f6zg\u00fcrl\u00fcklerini geni\u015fletece\u011fine inan\u0131yoruz.&#8221; ifadelerini kulland\u0131.<br \/><\/p>\n","protected":false},"excerpt":{"rendered":"<p>Manisa Celal Bayar \u00dcniversitesinde, Engelliler Haftas\u0131 etkinlikleri kapsam\u0131nda d\u00fczenlenen etkinlikte g\u00f6rme engelli \u00f6\u011frencilere, g\u00fcnl\u00fck ya\u015famlar\u0131n\u0131 kolayla\u015ft\u0131racak ve ba\u011f\u0131ms\u0131z hareket kabiliyetlerini destekleyecek yerli teknoloji firmas\u0131 WeWALK taraf\u0131ndan geli\u015ftirilen, WeWALK Ak\u0131ll\u0131 Baston 2 Plus, ak\u0131ll\u0131 bastonlar hediye edildi. MCB\u00dc Rekt\u00f6rl\u00fc\u011f\u00fc\u2019nde ger\u00e7ekle\u015ftirilen teslim t\u00f6renine Rekt\u00f6r Prof. Dr. Rana Kibar, Rekt\u00f6r Yard\u0131mc\u0131s\u0131 Prof. Dr. Kadir Ay, Engelli Koordinasyon Birimi&#8230;<\/p>\n","protected":false},"author":1,"featured_media":29257,"comment_status":"open","ping_status":"open","sticky":false,"template":"","format":"standard","meta":{"_crdt_document":"","footnotes":""},"categories":[1],"tags":[],"class_list":["post-29256","post","type-post","status-publish","format-standard","has-post-thumbnail","hentry","category-guncel"],"_links":{"self":[{"href":"https:\/\/www.egemtv.com\/index.php?rest_route=\/wp\/v2\/posts\/29256","targetHints":{"allow":["GET"]}}],"collection":[{"href":"https:\/\/www.egemtv.com\/index.php?rest_route=\/wp\/v2\/posts"}],"about":[{"href":"https:\/\/www.egemtv.com\/index.php?rest_route=\/wp\/v2\/types\/post"}],"author":[{"embeddable":true,"href":"https:\/\/www.egemtv.com\/index.php?rest_route=\/wp\/v2\/users\/1"}],"replies":[{"embeddable":true,"href":"https:\/\/www.egemtv.com\/index.php?rest_route=%2Fwp%2Fv2%2Fcomments&post=29256"}],"version-history":[{"count":1,"href":"https:\/\/www.egemtv.com\/index.php?rest_route=\/wp\/v2\/posts\/29256\/revisions"}],"predecessor-version":[{"id":29258,"href":"https:\/\/www.egemtv.com\/index.php?rest_route=\/wp\/v2\/posts\/29256\/revisions\/29258"}],"wp:featuredmedia":[{"embeddable":true,"href":"https:\/\/www.egemtv.com\/index.php?rest_route=\/wp\/v2\/media\/29257"}],"wp:attachment":[{"href":"https:\/\/www.egemtv.com\/index.php?rest_route=%2Fwp%2Fv2%2Fmedia&parent=29256"}],"wp:term":[{"taxonomy":"category","embeddable":true,"href":"https:\/\/www.egemtv.com\/index.php?rest_route=%2Fwp%2Fv2%2Fcategories&post=29256"},{"taxonomy":"post_tag","embeddable":true,"href":"https:\/\/www.egemtv.com\/index.php?rest_route=%2Fwp%2Fv2%2Ftags&post=29256"}],"curies":[{"name":"wp","href":"https:\/\/api.w.org\/{rel}","templated":true}]}}