{"id":29253,"date":"2025-05-16T14:36:45","date_gmt":"2025-05-16T11:36:45","guid":{"rendered":"https:\/\/www.egemtv.com\/?p=29253"},"modified":"2025-05-16T14:36:49","modified_gmt":"2025-05-16T11:36:49","slug":"ozlem-simarikin-katil-zanlisi-eski-kocaya-agirlastirilmis-muebbet-hapis-cezasi","status":"publish","type":"post","link":"https:\/\/www.egemtv.com\/?p=29253","title":{"rendered":"\u00d6zlem \u015e\u0131mar\u0131k\u2019\u0131n katil zanl\u0131s\u0131 eski kocaya a\u011f\u0131rla\u015ft\u0131r\u0131lm\u0131\u015f m\u00fcebbet hapis cezas\u0131"},"content":{"rendered":"<p>Burdur\u2019da 8 \u015eubat 2024 tarihinde eski e\u015fi taraf\u0131ndan kald\u0131\u011f\u0131 otelde silahla vurulup b\u0131\u00e7aklanan \u00d6zlem \u015e\u0131mar\u0131k\u2019\u0131n \u00f6l\u00fcm\u00fcyle ilgili 5\u2019i tutuklu 9 san\u0131\u011f\u0131n yarg\u0131land\u0131\u011f\u0131 davan\u0131n karar duru\u015fmas\u0131nda katil zanl\u0131s\u0131 eski kocaya bo\u015fand\u0131\u011f\u0131 e\u015fini tasarlayarak kasten \u00f6ld\u00fcrmek su\u00e7undan takdir indirimi uygulanmaks\u0131z\u0131n a\u011f\u0131rla\u015ft\u0131r\u0131lm\u0131\u015f m\u00fcebbet hapis cezas\u0131 verilirken di\u011fer 8 san\u0131ktan 6\u2019s\u0131na su\u00e7luyu kay\u0131rma ve yard\u0131m su\u00e7undan 2 y\u0131l 6 ay hapis cezas\u0131 verildi.<\/p>\n<p>Burdur\u2019da 8 \u015eubat\u2019ta kasten yaralama su\u00e7undan kapal\u0131 cezaevinde yatarken A\u00e7\u0131k Ceza \u0130nfaz Kurumu\u2019na ge\u00e7ti\u011fi g\u00fcn gitmesi gereken s\u00fcre i\u00e7inde gitmeyip \u00c7avd\u0131r il\u00e7esinde bo\u015fand\u0131\u011f\u0131 e\u015fi \u00d6zlem \u015e\u0131mar\u0131k\u2019\u0131 (28) kald\u0131\u011f\u0131 oteli basarak odas\u0131nda av t\u00fcfe\u011fiyle vurup daha sonra bir\u00e7ok yerinde b\u0131\u00e7aklayarak a\u011f\u0131r yaralayan Tar\u0131k Y\u0131lmaz (45) olay yerinden ka\u00e7m\u0131\u015ft\u0131. Hastaneye kald\u0131r\u0131lan 2 \u00e7ocuk annesi \u00d6zlem \u015e\u0131mar\u0131k yap\u0131lan t\u00fcm m\u00fcdahalelere ra\u011fmen hayat\u0131n\u0131 kaybetmi\u015fti. Emniyet ekipleri, ka\u00e7an Tar\u0131k Y\u0131lmaz\u2019\u0131 olaydan yakla\u015f\u0131k 6 saat sonra Denizli\u2019nin \u00c7ameli il\u00e7esinde da\u011fl\u0131k alanda bulunan bir gazinoda yapt\u0131\u011f\u0131 operasyonla yakalad\u0131. G\u00f6zalt\u0131na al\u0131nan Tar\u0131k Y\u0131lmaz i\u015flemler i\u00e7in G\u00f6lhisar \u0130l\u00e7e Emniyet M\u00fcd\u00fcrl\u00fc\u011f\u00fc\u2019ne getirilirken Tar\u0131k Y.\u0131lmaz\u2019a yard\u0131m ve yatakl\u0131k etti\u011fi iddia edilen Meryem S. (30), Erdal A. (40), Kaz\u0131m \u00d6. (37), Mehmet \u00c7. (27), Mustafa S. (31), \u015eaban A. da (26) g\u00f6zalt\u0131na al\u0131nd\u0131.<br \/>\n<br \/>Emniyetteki i\u015flemlerinin ard\u0131ndan adliyeye sevk edilen \u015f\u00fcphelilerden katil zanl\u0131s\u0131 Tar\u0131k Y\u0131lmaz ve yard\u0131m etti\u011fi iddia edilen Erdal A., Kaz\u0131m \u00d6., Mehmet \u00c7., Mustafa S., \u015eaban A. Sulh Ceza Hakimli\u011fince tutuklan\u0131rken Meryem S. ise adli kontrol \u015fart\u0131yla serbest b\u0131rak\u0131ld\u0131.<br \/>\n<br \/>Soru\u015fturman\u0131n derinle\u015ftirilmesinin ard\u0131ndan Tar\u0131k Y\u0131lmaz\u2019a yard\u0131m etti\u011fi tespit edilen Meryem S. ve azmettirici olmakla su\u00e7lanan Adem S. (36), ve G\u00f6kay S.(33) 14 May\u0131s g\u00fcn\u00fc g\u00f6zalt\u0131na al\u0131narak \u00e7\u0131kar\u0131ld\u0131\u011f\u0131 mahkemece tutuklan\u0131p cezaevine g\u00f6nderildi. Yarg\u0131laman\u0131n 25 Aral\u0131k 2024 tarihinde g\u00f6r\u00fclen birinci duru\u015fmas\u0131nda ise tutuklulardan Kaz\u0131m \u00d6. ve Mustafa S.\u2019nin, 26 \u015eubat 2025 tarihinde g\u00f6r\u00fclen ikinci duru\u015fmada ise Meryem S. ve G\u00f6kay S.\u2019nin adli kontrol \u015fart\u0131yla serbest b\u0131rak\u0131l\u0131p tutuksuz yarg\u0131lanmalar\u0131na karar verilmi\u015fti.<br \/>\n<br \/>Bug\u00fcn Burdur 2\u2019inci A\u011f\u0131r Ceza Mahkemesi\u2019nde g\u00f6r\u00fclen davan\u0131n d\u00f6rd\u00fcnc\u00fc duru\u015fmas\u0131nda tutuklu san\u0131klar Tar\u0131k Y\u0131lmaz, Erdal A., Mehmet \u00c7., \u015eaban A., Adem S. ve tutuksuz yarg\u0131lanan san\u0131klar Kaz\u0131m \u00d6., Mustafa S., Meryem S. ve G\u00f6kay S. ile taraf avukatlar\u0131 haz\u0131r bulundu.<br \/>\n<br \/>Mahkemede iddia makam\u0131 taraf\u0131ndan verilen m\u00fctalaada tutuklu san\u0131klar\u0131n tutukluluk hallerinin devam\u0131na, tutuksuz yarg\u0131lanan san\u0131k Meryem S.\u2019nin ise tutuklanmas\u0131 istendi.<br \/>\n<br \/>Maktul \u00d6zlem \u015e\u0131mar\u0131k\u2019\u0131n avukatlar\u0131 ise tutuklular hakk\u0131ndaki m\u00fctalaay\u0131 kabul ettiklerini ancak tutuksuz san\u0131k Meryem S.\u2019nin tutuklanmas\u0131n\u0131 ve Adem S. ve G\u00f6kay S.\u2019nin de azmettirme su\u00e7undan yarg\u0131lanmalar\u0131n\u0131 talep etti.<br \/>\n<br \/>San\u0131k Tar\u0131k Y\u0131lmaz\u2019\u0131n avukat\u0131 m\u00fcvekkilinin olay\u0131 tasarlayarak de\u011fil de ani kas\u0131tla yapt\u0131\u011f\u0131n\u0131 beyan ederek m\u00fcvekkilinin haks\u0131z tahrik h\u00fck\u00fcmlerinden yaralanmas\u0131n\u0131 istedi.<br \/>\n<br \/>Di\u011fer san\u0131k avukatlar\u0131 ise m\u00fcvekkillerinin beraatlerini mahkeme aksi kanaatte ise haklar\u0131nda adli kontrol h\u00fck\u00fcmlerinin uygulanmas\u0131n\u0131 talep etti.<\/p>\n<p>&#8220;D\u00f6rt \u00e7ocu\u011fum 10 ay annesiz kald\u0131&#8221;<br \/>\n<br \/>Tutuksuz san\u0131k Meryem S. mahkemede, &#8220;Her \u015fey ortada. Benim d\u00f6rt \u00e7ocu\u011fum var. 10 ay annesiz kald\u0131lar. Olayla hi\u00e7bir alakam yok. Su\u00e7lamalar\u0131 kabul etmiyorum&#8221; dedi.<br \/>\n<br \/>Tutuklu san\u0131k Erdal A. ise; &#8220;Benim su\u00e7um g\u00fcnah\u0131m sadece o takside olmak. Tahliyemi ve beraatimi talep ediyorum.&#8221; ifadelerini kulland\u0131.<\/p>\n<p>&#8220;Tar\u0131k evdekilere zarar verse ben vicdan azab\u0131 \u00e7ekerdim&#8221;<br \/>\n<br \/>Tutuklu san\u0131k Mehmet \u00c7, mahkemede m\u00fctalaaya kar\u015f\u0131 verdi\u011fi savunmas\u0131nda, &#8220;Tar\u0131k, olaydan sonra Erdal orada olmasa benim evime gelmeyecekti. Tar\u0131k ile daha \u00f6nceden g\u00f6r\u00fc\u015fmem yoktu. Benim bu olaydan ne \u00e7\u0131kar\u0131m var? Ben sab\u0131kas\u0131z bir insan\u0131m. Tar\u0131k evdekilere zarar verse ben vicdan azab\u0131 \u00e7ekerdim. Bu y\u00fczden korktu\u011fum i\u00e7in polise gitmedim. Beraatimi talep ederim.&#8221; diye konu\u015ftu.<\/p>\n<p>&#8220;Sadece iki insan\u0131n aras\u0131n\u0131 yapmak istemi\u015ftim&#8221;<br \/>\n<br \/>Tutuksuz yarg\u0131lanan san\u0131k Kaz\u0131m \u00d6., &#8220;Olayla ilgili her \u015feyi net bir \u015fekilde anlatt\u0131m. Kimseyi kay\u0131rmad\u0131m. Nas\u0131l bir ortam\u0131n i\u00e7ine girdi\u011fimi bende anlamad\u0131m. 11 ay su\u00e7suz yere yatt\u0131m. Sadece iki insan\u0131n aras\u0131n\u0131 yapmak istemi\u015ftim. Beraatimi talep ederim&#8221; dedi.<br \/>\n<br \/>Tutuksuz yarg\u0131lanan G\u00f6kay S. ve tutuklu san\u0131k \u015eaban A. ise beraatlerini talep ettiler.<\/p>\n<p>&#8220;Olayla alakam yok 500 lira i\u00e7in gurbette \u00e7al\u0131\u015fan biriyim&#8221;<br \/>\n<br \/>Tutuksuz yarg\u0131lanan san\u0131k Mustafa S. ise, &#8220;Samimi olarak b\u00fct\u00fcn bildiklerimi anlatt\u0131m. Ben gariban bir insan\u0131m. 500 lira i\u00e7in garsonluk yap\u0131p paray\u0131 aileme g\u00f6ndermek i\u00e7in gurbette \u00e7al\u0131\u015fmaya geldim. Mehmet\u2019in evinde param olmad\u0131\u011f\u0131 i\u00e7in kal\u0131yordum. Tar\u0131k\u2019\u0131 olaydan \u00f6nce sadece iki defa g\u00f6rm\u00fc\u015ft\u00fcm. Olayla alakam yok. Su\u00e7suz yere 11 ay hapis yatt\u0131m. Milletin elbiselerini giydim. Ma\u011fdurum. Beraatimi talep ediyorum.&#8221;  diye konu\u015ftu.<\/p>\n<p>&#8220;Diyece\u011fim &#8220;bir \u015fey yoktur&#8221;<br \/>\n<br \/>Katil zanl\u0131s\u0131 Tar\u0131k Y\u0131lmaz duru\u015fmada yapt\u0131\u011f\u0131 savunmada, &#8220;Diyece\u011fim bir \u015fey yoktur. Takdir mahkemenindir&#8221; ifadelerini kulland\u0131.<\/p>\n<p>&#8220;Sadece Tar\u0131k\u2019\u0131n ifadesi y\u00fcz\u00fcnden su\u00e7land\u0131m&#8221;<br \/>\n<br \/>Tutuklu san\u0131k Adem S. yaln\u0131zca Tar\u0131k\u2019\u0131n verdi\u011fi ifadeden dolay\u0131 su\u00e7land\u0131\u011f\u0131n\u0131 s\u00f6yleyerek; &#8220;Daha \u00f6nceki savunmalar\u0131m\u0131 tekrar ederim. Tar\u0131k\u2019\u0131n ifadeleri nedeniyle bu olay\u0131n i\u00e7indeyim. Olaydan sonra taksi paras\u0131n\u0131 Meryem\u2019den \u00e7ald\u0131\u011f\u0131 parayla \u00f6demi\u015f. Yard\u0131m edecek olsam para vermez miydim? Arabam\u0131 gecesinden ona vermez miydim? T\u00fcfe\u011fi benim \u00fczerime y\u0131kmak i\u00e7in olay\u0131n ba\u015f\u0131ndan beri \u015eaban \u00e7eli\u015fkili ifadeler verdi. Tar\u0131k ile aramda bir husumet yok ama onun i\u00e7inde bana kar\u015f\u0131 besledi\u011fi bir d\u00fc\u015fmanl\u0131k var. \u00c7\u00fcnk\u00fc \u00f6ncesinde \u00d6zlem ile kendisine ev tutmam\u0131 istemi\u015fti, kabul etmedim. \u0130\u015f istedi vermedim. 1 y\u0131l 2 g\u00fcnd\u00fcr su\u00e7suz yere yat\u0131yorum. Pi\u015fman olaca\u011f\u0131m bir su\u00e7um bile yoktur. Beraatimi ve tahliyemi talep ediyorum.&#8221; dedi.<\/p>\n<p>Tar\u0131k Y\u0131lmaz\u2019a a\u011f\u0131rla\u015ft\u0131r\u0131lm\u0131\u015f m\u00fcebbet<br \/>\n<br \/>Savunmalar\u0131n ard\u0131ndan duru\u015fmaya k\u0131sa bir ara veren mahkeme heyeti aran\u0131n ard\u0131ndan katil zanl\u0131s\u0131 Tar\u0131k Y\u0131lmaz\u2019 hakk\u0131nda bo\u015fand\u0131\u011f\u0131 e\u015fe kar\u015f\u0131 tasarlayarak kasten \u00f6ld\u00fcrme su\u00e7undan takdir indirimi uygulanmaks\u0131z\u0131n a\u011f\u0131rla\u015ft\u0131r\u0131lm\u0131\u015f m\u00fcebbet hapis cezas\u0131na \u00e7arpt\u0131r\u0131lmas\u0131na, san\u0131klardan Adem S., Erdal A., Kaz\u0131m \u00d6., \u015eaban A., Mehmet \u00c7,  ve Mustafa S.\u2019ye su\u00e7luyu kay\u0131rma ve yard\u0131m etme su\u00e7undan 2 y\u0131l 6 ay hapis cezas\u0131 verilmesine ve tutuklu san\u0131klar\u0131n tahliyelerine, Meryem S. ve G\u00f6kay A.\u2019n\u0131n ise beraatine karar verdi.<\/p>\n<p>Verilen karar T\u00fcrkiye\u2019de emsal niteli\u011finde<br \/>\n<br \/>Duru\u015fma sonras\u0131 a\u00e7\u0131klama yapan \u00d6nce \u00c7ocuklar ve Kad\u0131nlar Derne\u011fi Ba\u015fkan\u0131 Avukat M\u00fcjde Tozbey; &#8220;&#8221;Bug\u00fcn Burdur\u2019da alkoll\u00fc e\u011flence mekan\u0131nda \u00e7al\u0131\u015ft\u0131\u011f\u0131 i\u00e7in \u00f6ld\u00fcr\u00fclen \u00d6zlem \u015e\u0131mar\u0131k i\u00e7in Burdur A\u011f\u0131r Ceza Mahkemesi\u2019ne geldik. \u00d6zlem \u015e\u0131mar\u0131k eski e\u015fi taraf\u0131ndan onlarca b\u0131\u00e7ak darbesiyle \u00f6ld\u00fcr\u00fclm\u00fc\u015ft\u00fc. Katil Tar\u0131k Y\u0131lmaz i\u00e7in a\u011f\u0131rla\u015ft\u0131r\u0131lm\u0131\u015f m\u00fcebbet hapis cezas\u0131 verildi. \u00c7\u00fcnk\u00fc Tar\u0131k Y\u0131lmaz, \u00d6zlem\u2019i onlarca b\u0131\u00e7ak darbesiyle \u00f6ld\u00fcrmesinin yan\u0131nda \u00f6ld\u00fcrmeden \u00f6ncede tasarlam\u0131\u015ft\u0131. Bir g\u00fcn \u00f6nce otele nas\u0131l girece\u011fini, nas\u0131l \u00f6ld\u00fcrece\u011fini ve nas\u0131l ka\u00e7aca\u011f\u0131n\u0131 planlam\u0131\u015ft\u0131. Bu nedenle de katil Tar\u0131k hakk\u0131nda tasarlayarak eski e\u015fini canavarca hisle \u00f6ld\u00fcrmesinden dolay\u0131 a\u011f\u0131rla\u015ft\u0131r\u0131lm\u0131\u015f m\u00fcebbet hapis cezas\u0131 verildi. \u00c7ok \u00f6nemli bir karar. Kesinlikle haks\u0131z tahrik indirimi ve iyi hal indirimi uygulanmad\u0131. Bu nedenle T\u00fcrkiye\u2019de emsal karar olacak kararlardan biri.&#8221; dedi.<\/p>\n<p>&#8220;Katil Tar\u0131k\u2019\u0131n eline silah\u0131 veren, b\u0131\u00e7a\u011f\u0131 veren pavyon sahipleri sadece yard\u0131m ettikleri i\u00e7in 2 y\u0131l 6 ay hapis cezas\u0131yla \u00f6d\u00fcllendirildiler&#8221;<br \/>\n<br \/>Pavyon sahiplerinin adl\u0131\u011f\u0131 cezan\u0131n \u00f6d\u00fcl niteli\u011finde oldu\u011funu dile getiren Avukat Tozbey; &#8220;Ama di\u011fer taraftan \u00d6zlem \u015e\u0131mar\u0131k, bir alkoll\u00fc mekanda \u00e7al\u0131\u015ft\u0131\u011f\u0131 i\u00e7in o s\u0131rada pavyon sahiplerinin de asl\u0131nda bu cinayete i\u015ftirak etti\u011fini, bu cinayeti azmettirdiklerini \u00f6\u011frendik. Pavyon sahipleri iki karde\u015f bu dosya nedeniyle aylard\u0131r tutuklulard\u0131. Fakat bug\u00fcn pavyon sahipleri hakk\u0131nda \u015fa\u015f\u0131rd\u0131\u011f\u0131m\u0131z bir karar \u00e7\u0131kt\u0131. \u00d6zlem \u015e\u0131mar\u0131k \u00f6ld\u00fcr\u00fclmeden bir g\u00fcn \u00f6nce pavyon sahipleri katil Tar\u0131k\u2019a hem b\u0131\u00e7ak vermi\u015f hem de ate\u015fli silah teslim etmi\u015flerdi. \u00d6zellikle de \u2018namusunu git kurtar, \u00d6zlem\u2019i \u00f6ld\u00fcr\u2019 diye katil Tar\u0131k\u2019a nasihat etmi\u015flerdi. T\u00fcm bunlara ra\u011fmen bug\u00fcn pavyon sahipleri sadece yard\u0131m ettikleri i\u00e7in 2 y\u0131l hapis cezas\u0131yla \u00f6d\u00fcllendirildiler. \u00c7ok \u00f6nemli bir karar. Bir taraftan iyi hal indirimi uygulanmayarak, tasarlayarak \u00f6ld\u00fcrmeden dolay\u0131 ger\u00e7ek katil Tar\u0131k\u2019a a\u011f\u0131rla\u015ft\u0131r\u0131lm\u0131\u015f m\u00fcebbet hapis cezas\u0131 verildi. Ama di\u011fer taraftan da \u00e7ok hatal\u0131, hukuka uygun olmayan bir karar da verildi. \u00c7\u00fcnk\u00fc katil Tar\u0131k\u2019\u0131n eline silah\u0131 veren, b\u0131\u00e7a\u011f\u0131 veren pavyon sahipleri, di\u011fer taraftan \u00f6ld\u00fcrd\u00fckten sonra \u2018seni saklar\u0131z, bu adamlarla g\u00f6r\u00fc\u015f, bu arabayla saklanaca\u011f\u0131n eve git\u2019 diyen pavyon sahipleri maalesef bug\u00fcn azmettirmekten dolay\u0131 beraat ettiler. Sadece yard\u0131m ettikleri i\u00e7in 2 y\u0131l 6 ay hapis cezas\u0131yla \u00f6d\u00fcllendirildiler. \u00d6nce \u00c7ocuklar ve Kad\u0131nlar Derne\u011fi olarak bu karara itiraz edece\u011fiz. Burdur\u2019a gelmekten vazge\u00e7meyece\u011fiz, m\u00fccadele etmeye devam edece\u011fiz.&#8221; \u015feklinde konu\u015ftu.<\/p>\n","protected":false},"excerpt":{"rendered":"<p>Burdur\u2019da 8 \u015eubat 2024 tarihinde eski e\u015fi taraf\u0131ndan kald\u0131\u011f\u0131 otelde silahla vurulup b\u0131\u00e7aklanan \u00d6zlem \u015e\u0131mar\u0131k\u2019\u0131n \u00f6l\u00fcm\u00fcyle ilgili 5\u2019i tutuklu 9 san\u0131\u011f\u0131n yarg\u0131land\u0131\u011f\u0131 davan\u0131n karar duru\u015fmas\u0131nda katil zanl\u0131s\u0131 eski kocaya bo\u015fand\u0131\u011f\u0131 e\u015fini tasarlayarak kasten \u00f6ld\u00fcrmek su\u00e7undan takdir indirimi uygulanmaks\u0131z\u0131n a\u011f\u0131rla\u015ft\u0131r\u0131lm\u0131\u015f m\u00fcebbet hapis cezas\u0131 verilirken di\u011fer 8 san\u0131ktan 6\u2019s\u0131na su\u00e7luyu kay\u0131rma ve yard\u0131m su\u00e7undan 2 y\u0131l 6&#8230;<\/p>\n","protected":false},"author":1,"featured_media":29254,"comment_status":"open","ping_status":"open","sticky":false,"template":"","format":"standard","meta":{"_crdt_document":"","footnotes":""},"categories":[5],"tags":[],"class_list":["post-29253","post","type-post","status-publish","format-standard","has-post-thumbnail","hentry","category-asayis"],"_links":{"self":[{"href":"https:\/\/www.egemtv.com\/index.php?rest_route=\/wp\/v2\/posts\/29253","targetHints":{"allow":["GET"]}}],"collection":[{"href":"https:\/\/www.egemtv.com\/index.php?rest_route=\/wp\/v2\/posts"}],"about":[{"href":"https:\/\/www.egemtv.com\/index.php?rest_route=\/wp\/v2\/types\/post"}],"author":[{"embeddable":true,"href":"https:\/\/www.egemtv.com\/index.php?rest_route=\/wp\/v2\/users\/1"}],"replies":[{"embeddable":true,"href":"https:\/\/www.egemtv.com\/index.php?rest_route=%2Fwp%2Fv2%2Fcomments&post=29253"}],"version-history":[{"count":1,"href":"https:\/\/www.egemtv.com\/index.php?rest_route=\/wp\/v2\/posts\/29253\/revisions"}],"predecessor-version":[{"id":29255,"href":"https:\/\/www.egemtv.com\/index.php?rest_route=\/wp\/v2\/posts\/29253\/revisions\/29255"}],"wp:featuredmedia":[{"embeddable":true,"href":"https:\/\/www.egemtv.com\/index.php?rest_route=\/wp\/v2\/media\/29254"}],"wp:attachment":[{"href":"https:\/\/www.egemtv.com\/index.php?rest_route=%2Fwp%2Fv2%2Fmedia&parent=29253"}],"wp:term":[{"taxonomy":"category","embeddable":true,"href":"https:\/\/www.egemtv.com\/index.php?rest_route=%2Fwp%2Fv2%2Fcategories&post=29253"},{"taxonomy":"post_tag","embeddable":true,"href":"https:\/\/www.egemtv.com\/index.php?rest_route=%2Fwp%2Fv2%2Ftags&post=29253"}],"curies":[{"name":"wp","href":"https:\/\/api.w.org\/{rel}","templated":true}]}}