{"id":29190,"date":"2025-05-16T12:36:33","date_gmt":"2025-05-16T09:36:33","guid":{"rendered":"https:\/\/www.egemtv.com\/?p=29190"},"modified":"2025-05-16T12:36:38","modified_gmt":"2025-05-16T09:36:38","slug":"manisada-ucurtma-senliginde-ozel-bireyler-ve-gencler-gokyuzuyle-bulustu","status":"publish","type":"post","link":"https:\/\/www.egemtv.com\/?p=29190","title":{"rendered":"Manisa\u2019da U\u00e7urtma \u015eenli\u011finde \u00f6zel bireyler ve gen\u00e7ler g\u00f6ky\u00fcz\u00fcyle bulu\u015ftu"},"content":{"rendered":"<p>Manisa\u2019da Engelliler Haftas\u0131 ve Gen\u00e7lik Haftas\u0131 dolay\u0131s\u0131yla geleneksel U\u00e7urtma \u015eenli\u011fi ve Spor Etkinli\u011fi d\u00fczenlendi.<br \/>\n<br \/>Manisa Gen\u00e7lik ve Spor \u0130l M\u00fcd\u00fcrl\u00fc\u011f\u00fc taraf\u0131ndan organize edilen etkinlik, Atat\u00fcrk Olimpik Spor Kompleksi Atletizm Sahas\u0131\u2019nda \u00f6zel bireyler, sporcular, gen\u00e7ler ve ailelerinin kat\u0131l\u0131m\u0131yla ger\u00e7ekle\u015ftirildi. Etkinlik boyunca g\u00f6ky\u00fcz\u00fc rengarenk u\u00e7urtmalarla s\u00fcslenirken, kat\u0131l\u0131mc\u0131lar doyas\u0131ya e\u011flendi. Verilen konserle \u015fenli\u011fe renk katan organizasyon, hem \u00f6zel bireyler hem de aileleri i\u00e7in unutulmaz anlara sahne oldu. \u015eenli\u011fe, Manisa Gen\u00e7lik ve Spor \u0130l M\u00fcd\u00fcr\u00fc Yunus \u00d6zt\u00fcrk, Yunusemre Gen\u00e7lik ve Spor \u0130l\u00e7e M\u00fcd\u00fcr\u00fc Levent Tokay, Atat\u00fcrk Olimpik Spor Kompleksi M\u00fcd\u00fcr\u00fc Bilal Demir ve E\u011fitim \u015eube M\u00fcd\u00fcr\u00fc Or\u00e7un Sar\u0131g\u00fcl de kat\u0131ld\u0131.<br \/>\n<br \/>Manisa Gen\u00e7lik ve Spor \u0130l M\u00fcd\u00fcr\u00fc Yunus \u00d6zt\u00fcrk, \u00f6zel bireyler ve gen\u00e7lerle bir araya gelerek mutluluklar\u0131na ortak oldu. \u0130l M\u00fcd\u00fcr\u00fc \u00d6zt\u00fcrk, &#8220;Bug\u00fcn burada Engelliler Haftas\u0131 ve Gen\u00e7lik Haftas\u0131 kapsam\u0131nda d\u00fczenledi\u011fimiz U\u00e7urtma \u015eenli\u011fi\u2019nde sizlerle bir arada olmaktan b\u00fcy\u00fck mutluluk duyuyorum. U\u00e7urtmalar\u0131n g\u00f6ky\u00fcz\u00fcnde \u00f6zg\u00fcrce s\u00fcz\u00fcld\u00fc\u011f\u00fc bu anlaml\u0131 g\u00fcnde, hep birlikte sevincimizi, umudumuzu ve birlikteli\u011fimizi payla\u015f\u0131yoruz. \u00d6zellikle \u00f6zel bireylerimizin ve ailelerinin y\u00fcz\u00fcndeki mutlulu\u011fu g\u00f6rmek, bizim i\u00e7in en b\u00fcy\u00fck kazan\u00e7t\u0131r. Gen\u00e7lik ve sporun birle\u015ftirici g\u00fcc\u00fcyle toplumda engelleri kald\u0131rmak ve herkes i\u00e7in daha kapsay\u0131c\u0131 bir gelecek in\u015fa etmek hepimizin ortak sorumlulu\u011fudur. Bu g\u00fczel etkinli\u011fe katk\u0131 sa\u011flayan t\u00fcm ekip arkada\u015flar\u0131ma ve kat\u0131l\u0131mc\u0131lara te\u015fekk\u00fcr ediyorum. G\u00f6nl\u00fcm\u00fcz bir, g\u00f6ky\u00fcz\u00fcm\u00fcz ortak. Nice g\u00fczel etkinliklerde bulu\u015fmak dile\u011fiyle.&#8221; diye konu\u015ftu.<br \/><\/p>\n","protected":false},"excerpt":{"rendered":"<p>Manisa\u2019da Engelliler Haftas\u0131 ve Gen\u00e7lik Haftas\u0131 dolay\u0131s\u0131yla geleneksel U\u00e7urtma \u015eenli\u011fi ve Spor Etkinli\u011fi d\u00fczenlendi. Manisa Gen\u00e7lik ve Spor \u0130l M\u00fcd\u00fcrl\u00fc\u011f\u00fc taraf\u0131ndan organize edilen etkinlik, Atat\u00fcrk Olimpik Spor Kompleksi Atletizm Sahas\u0131\u2019nda \u00f6zel bireyler, sporcular, gen\u00e7ler ve ailelerinin kat\u0131l\u0131m\u0131yla ger\u00e7ekle\u015ftirildi. Etkinlik boyunca g\u00f6ky\u00fcz\u00fc rengarenk u\u00e7urtmalarla s\u00fcslenirken, kat\u0131l\u0131mc\u0131lar doyas\u0131ya e\u011flendi. Verilen konserle \u015fenli\u011fe renk katan organizasyon, hem \u00f6zel&#8230;<\/p>\n","protected":false},"author":1,"featured_media":29191,"comment_status":"open","ping_status":"open","sticky":false,"template":"","format":"standard","meta":{"_crdt_document":"","footnotes":""},"categories":[4],"tags":[],"class_list":["post-29190","post","type-post","status-publish","format-standard","has-post-thumbnail","hentry","category-spor"],"_links":{"self":[{"href":"https:\/\/www.egemtv.com\/index.php?rest_route=\/wp\/v2\/posts\/29190","targetHints":{"allow":["GET"]}}],"collection":[{"href":"https:\/\/www.egemtv.com\/index.php?rest_route=\/wp\/v2\/posts"}],"about":[{"href":"https:\/\/www.egemtv.com\/index.php?rest_route=\/wp\/v2\/types\/post"}],"author":[{"embeddable":true,"href":"https:\/\/www.egemtv.com\/index.php?rest_route=\/wp\/v2\/users\/1"}],"replies":[{"embeddable":true,"href":"https:\/\/www.egemtv.com\/index.php?rest_route=%2Fwp%2Fv2%2Fcomments&post=29190"}],"version-history":[{"count":1,"href":"https:\/\/www.egemtv.com\/index.php?rest_route=\/wp\/v2\/posts\/29190\/revisions"}],"predecessor-version":[{"id":29192,"href":"https:\/\/www.egemtv.com\/index.php?rest_route=\/wp\/v2\/posts\/29190\/revisions\/29192"}],"wp:featuredmedia":[{"embeddable":true,"href":"https:\/\/www.egemtv.com\/index.php?rest_route=\/wp\/v2\/media\/29191"}],"wp:attachment":[{"href":"https:\/\/www.egemtv.com\/index.php?rest_route=%2Fwp%2Fv2%2Fmedia&parent=29190"}],"wp:term":[{"taxonomy":"category","embeddable":true,"href":"https:\/\/www.egemtv.com\/index.php?rest_route=%2Fwp%2Fv2%2Fcategories&post=29190"},{"taxonomy":"post_tag","embeddable":true,"href":"https:\/\/www.egemtv.com\/index.php?rest_route=%2Fwp%2Fv2%2Ftags&post=29190"}],"curies":[{"name":"wp","href":"https:\/\/api.w.org\/{rel}","templated":true}]}}