{"id":29184,"date":"2025-05-16T12:16:09","date_gmt":"2025-05-16T09:16:09","guid":{"rendered":"https:\/\/www.egemtv.com\/?p=29184"},"modified":"2025-05-16T12:16:14","modified_gmt":"2025-05-16T09:16:14","slug":"kutahyada-saglikli-cocuk-saglikli-gelecek-etkinligi","status":"publish","type":"post","link":"https:\/\/www.egemtv.com\/?p=29184","title":{"rendered":"K\u00fctahya\u2019da &#8220;Sa\u011fl\u0131kl\u0131 \u00c7ocuk, Sa\u011fl\u0131kl\u0131 Gelecek&#8221; etkinli\u011fi"},"content":{"rendered":"<p>Mill\u00ee E\u011fitim Bakanl\u0131\u011f\u0131 ile Sa\u011fl\u0131k Bakanl\u0131\u011f\u0131 i\u015f birli\u011finde T\u00fcrkiye genelinde y\u00fcr\u00fct\u00fclen &#8220;Sa\u011fl\u0131kl\u0131 \u00c7ocuk, Sa\u011fl\u0131kl\u0131 Gelecek&#8221; program\u0131 kapsam\u0131nda, K\u00fctahya\u2019da Orgeneral As\u0131m G\u00fcnd\u00fcz \u0130lkokulu\u2019nda kapsaml\u0131 bir fark\u0131ndal\u0131k etkinli\u011fi ger\u00e7ekle\u015ftirildi.<br \/>\n<br \/>Etkinlikte \u00f6\u011frenciler; sa\u011fl\u0131kl\u0131 beslenme, a\u011f\u0131z ve di\u015f sa\u011fl\u0131\u011f\u0131, ki\u015fisel hijyen, fiziksel aktivite ve afet bilinci gibi bir\u00e7ok ba\u015fl\u0131kta bilgilendirildi. Sa\u011fl\u0131k birimleri taraf\u0131ndan okul bah\u00e7esinde kurulan stantlarda \u00f6\u011frencilere uygulamal\u0131 anlat\u0131mlar sunulurken, MEB AKUB ekipleri de afet \u00f6ncesi haz\u0131rl\u0131klar ve g\u00fcvenli davran\u0131\u015flar hakk\u0131nda sunumlar yapt\u0131.<br \/>\n<br \/>Programda konu\u015fan \u0130l Mill\u00ee E\u011fitim M\u00fcd\u00fcr\u00fc Mustafa Y\u0131lmaz, yaln\u0131zca akademik ba\u015far\u0131ya de\u011fil, bedensel, ruhsal ve ahlaki geli\u015fime de \u00f6nem verdiklerini vurgulayarak \u015funlar\u0131 s\u00f6yledi:<br \/>\n<br \/>&#8220;T\u00fcrkiye Y\u00fczy\u0131l\u0131\u2019n\u0131 omuzlayacak nesilleri yeti\u015ftirirken yaln\u0131zca akademik de\u011fil; bedensel, ruhsal ve ahlaki y\u00f6nden sa\u011fl\u0131kl\u0131 bireyler yeti\u015ftirmek \u00f6nceli\u011fimizdir. Sa\u011fl\u0131kl\u0131 birey g\u00fc\u00e7l\u00fc toplumu, g\u00fc\u00e7l\u00fc toplum ise sa\u011fl\u0131kl\u0131 bir gelecek T\u00fcrkiye\u2019sini in\u015fa edecektir.&#8221;<br \/>\n<br \/>Yeni e\u011fitim yakla\u015f\u0131mlar\u0131n\u0131n bilgiyle birlikte beceri ve de\u011fer temelli geli\u015fimi \u00f6nceledi\u011fine dikkat \u00e7eken Y\u0131lmaz, \u00e7ocuklukta kazan\u0131lan sa\u011fl\u0131k bilincinin hem bireysel hem toplumsal fayda sa\u011flayaca\u011f\u0131n\u0131 belirtti.<br \/>\n<br \/>Etkinli\u011fe \u0130l Sa\u011fl\u0131k M\u00fcd\u00fcr\u00fc Do\u00e7. Dr. Ensar Durmu\u015f, \u0130l Mill\u00ee E\u011fitim M\u00fcd\u00fcr Yard\u0131mc\u0131s\u0131 Hamdi Sar\u0131\u00f6z, \u00f6\u011fretmenler, protokol \u00fcyeleri ve \u00f6\u011frenciler de kat\u0131l\u0131m sa\u011flad\u0131. Program sonunda \u00f6\u011frencilere &#8220;Sa\u011fl\u0131k El\u00e7isi&#8221; rozetleri ve g\u00f6rev kartlar\u0131 takdim edilerek, \u00f6\u011frendiklerini \u00e7evreleriyle payla\u015fmalar\u0131 te\u015fvik edildi.<br \/>\n<br \/>Etkinli\u011fin temel amac\u0131, \u00f6\u011frencilerde sa\u011fl\u0131k okuryazarl\u0131\u011f\u0131n\u0131 art\u0131rmak ve okullar\u0131 sa\u011fl\u0131kl\u0131 ya\u015fam merkezlerine d\u00f6n\u00fc\u015ft\u00fcrerek toplum genelinde kal\u0131c\u0131 sa\u011fl\u0131k bilinci olu\u015fturmakt\u0131r.<br \/><\/p>\n","protected":false},"excerpt":{"rendered":"<p>Mill\u00ee E\u011fitim Bakanl\u0131\u011f\u0131 ile Sa\u011fl\u0131k Bakanl\u0131\u011f\u0131 i\u015f birli\u011finde T\u00fcrkiye genelinde y\u00fcr\u00fct\u00fclen &#8220;Sa\u011fl\u0131kl\u0131 \u00c7ocuk, Sa\u011fl\u0131kl\u0131 Gelecek&#8221; program\u0131 kapsam\u0131nda, K\u00fctahya\u2019da Orgeneral As\u0131m G\u00fcnd\u00fcz \u0130lkokulu\u2019nda kapsaml\u0131 bir fark\u0131ndal\u0131k etkinli\u011fi ger\u00e7ekle\u015ftirildi. Etkinlikte \u00f6\u011frenciler; sa\u011fl\u0131kl\u0131 beslenme, a\u011f\u0131z ve di\u015f sa\u011fl\u0131\u011f\u0131, ki\u015fisel hijyen, fiziksel aktivite ve afet bilinci gibi bir\u00e7ok ba\u015fl\u0131kta bilgilendirildi. Sa\u011fl\u0131k birimleri taraf\u0131ndan okul bah\u00e7esinde kurulan stantlarda \u00f6\u011frencilere uygulamal\u0131&#8230;<\/p>\n","protected":false},"author":1,"featured_media":29185,"comment_status":"open","ping_status":"open","sticky":false,"template":"","format":"standard","meta":{"_crdt_document":"","footnotes":""},"categories":[1],"tags":[],"class_list":["post-29184","post","type-post","status-publish","format-standard","has-post-thumbnail","hentry","category-guncel"],"_links":{"self":[{"href":"https:\/\/www.egemtv.com\/index.php?rest_route=\/wp\/v2\/posts\/29184","targetHints":{"allow":["GET"]}}],"collection":[{"href":"https:\/\/www.egemtv.com\/index.php?rest_route=\/wp\/v2\/posts"}],"about":[{"href":"https:\/\/www.egemtv.com\/index.php?rest_route=\/wp\/v2\/types\/post"}],"author":[{"embeddable":true,"href":"https:\/\/www.egemtv.com\/index.php?rest_route=\/wp\/v2\/users\/1"}],"replies":[{"embeddable":true,"href":"https:\/\/www.egemtv.com\/index.php?rest_route=%2Fwp%2Fv2%2Fcomments&post=29184"}],"version-history":[{"count":1,"href":"https:\/\/www.egemtv.com\/index.php?rest_route=\/wp\/v2\/posts\/29184\/revisions"}],"predecessor-version":[{"id":29186,"href":"https:\/\/www.egemtv.com\/index.php?rest_route=\/wp\/v2\/posts\/29184\/revisions\/29186"}],"wp:featuredmedia":[{"embeddable":true,"href":"https:\/\/www.egemtv.com\/index.php?rest_route=\/wp\/v2\/media\/29185"}],"wp:attachment":[{"href":"https:\/\/www.egemtv.com\/index.php?rest_route=%2Fwp%2Fv2%2Fmedia&parent=29184"}],"wp:term":[{"taxonomy":"category","embeddable":true,"href":"https:\/\/www.egemtv.com\/index.php?rest_route=%2Fwp%2Fv2%2Fcategories&post=29184"},{"taxonomy":"post_tag","embeddable":true,"href":"https:\/\/www.egemtv.com\/index.php?rest_route=%2Fwp%2Fv2%2Ftags&post=29184"}],"curies":[{"name":"wp","href":"https:\/\/api.w.org\/{rel}","templated":true}]}}