{"id":29178,"date":"2025-05-16T12:15:54","date_gmt":"2025-05-16T09:15:54","guid":{"rendered":"https:\/\/www.egemtv.com\/?p=29178"},"modified":"2025-05-16T12:16:02","modified_gmt":"2025-05-16T09:16:02","slug":"voleybol-turnuvasinin-sampiyonu-belli-oldu","status":"publish","type":"post","link":"https:\/\/www.egemtv.com\/?p=29178","title":{"rendered":"Voleybol turnuvas\u0131n\u0131n \u015fampiyonu belli oldu"},"content":{"rendered":"<p>Ayd\u0131n\u2019\u0131n K\u00f6\u015fk il\u00e7esinde ger\u00e7ekle\u015ftirilen kurumlar aras\u0131 voleybol turnuvas\u0131n\u0131n galibi K\u00f6\u015fk \u0130l\u00e7e Milli E\u011fitim M\u00fcd\u00fcrl\u00fc\u011f\u00fc oldu.<\/p>\n<p>K\u00f6\u015fk il\u00e7esindeki kamu kurum ve kurulu\u015flar\u0131n\u0131n aktivitelerini artt\u0131rarak, voleybol sporunu sevdirmek, kurumlar aras\u0131 i\u015fbirli\u011fi ve dayan\u0131\u015fmay\u0131 sa\u011flamak, spora te\u015fvik ederek i\u015f stresinden uzakla\u015fmak amac\u0131yla d\u00fczenlenen &#8220;K\u00f6\u015fk Kurumlar Aras\u0131 Voleybol Turnuvas\u0131&#8221; ba\u015far\u0131yla tamamland\u0131. M\u00fccadelenin yan\u0131 s\u0131ra renkli g\u00f6r\u00fcnt\u00fclere de sahne olan turnuvada K\u00f6\u015fk \u0130l\u00e7e Milli E\u011fitim M\u00fcd\u00fcrl\u00fc\u011f\u00fc \u015fampiyon oldu.<\/p>\n<p>K\u00f6\u015fk Kapal\u0131 Spor Salonu\u2019nda d\u00fczenlenen turnuvan\u0131n final ma\u00e7\u0131nda, sergilenen k\u0131yas\u0131ya rekabetin ard\u0131ndan K\u00f6\u015fk \u0130l\u00e7e Milli E\u011fitim M\u00fcd\u00fcrl\u00fc\u011f\u00fc rakibini yenerek voleybol turnuvas\u0131n\u0131n \u015fampiyonu oldu.<\/p>\n<p>Turnuvan\u0131n ard\u0131ndan K\u00f6\u015fk \u0130l\u00e7e Milli E\u011fitim M\u00fcd\u00fcrl\u00fc\u011f\u00fc tak\u0131m oyuncular\u0131na madalyalar\u0131 ve \u015fampiyonluk kupas\u0131 K\u00f6\u015fk Kaymakam\u0131 Tu\u011fba Polat taraf\u0131ndan verildi. Dereceye giren di\u011fer tak\u0131mlar da d\u00fczenlenen t\u00f6renle kupa ve madalyalar\u0131na kavu\u015ftu. Voleybol turnuva sonunda t\u00fcm tak\u0131mlar birbirlerini tebrik ederek, ba\u015far\u0131l\u0131 bir organizasyonun sona erdi\u011fini belirttiler. Kurumlar aras\u0131 ileti\u015fimin artmas\u0131 ve daha s\u0131k bir araya gelinmesi ad\u0131na benzer organizasyonlar\u0131n d\u00fczenlenmesini beklediklerini belirttiler.<\/p>\n<p>K\u00f6\u015fk \u0130l\u00e7e Milli E\u011fitim M\u00fcd\u00fcr\u00fc Selim Karata\u015f turnuva hakk\u0131nda yapt\u0131\u011f\u0131 a\u00e7\u0131klamada &#8220;Biz \u0130l\u00e7e Milli E\u011fitim M\u00fcd\u00fcrl\u00fc\u011f\u00fc olarak, spora ve sporcuya her zaman destek olmaya devam edece\u011fiz. K\u00f6\u015fk Kurumlar Aras\u0131 Voleybol Turnuva organizasyonda eme\u011fi ge\u00e7en herkese te\u015fekk\u00fcr ediyoruz. Bu turnuva, kurumlar aras\u0131 ileti\u015fimin artmas\u0131 ve daha s\u0131k bir araya gelinmesi ad\u0131na \u00f6nemli bir ad\u0131m oldu. Yine ba\u015fka bir etkinlikte bir arada olmak dile\u011fiyle, t\u00fcm tak\u0131mlar\u0131 tebrik ediyoruz. Te\u015fekk\u00fcr ederim&#8221; ifadelerine yer verdi.<\/p>\n<p>K\u00f6\u015fk Kurumlar Aras\u0131 Voleybol Turnuvas\u0131 final program\u0131na, K\u00f6\u015fk Kaymakam\u0131 Tu\u011fba Polat, K\u00f6\u015fk \u0130l\u00e7e Milli E\u011fitim M\u00fcd\u00fcr\u00fc Selim Karata\u015f, K\u00f6\u015fk \u0130l\u00e7e Emniyet Amiri \u0130sa Y\u0131lmaz, K\u00f6\u015fk \u0130l\u00e7e Jandarma Komutan\u0131 Asb. Kd. B\u00e7v\u015f. Akan \u015eahin, K\u00f6\u015fk \u0130l\u00e7e Sa\u011fl\u0131k M\u00fcd\u00fcr\u00fc Fatih G\u00f6\u00e7men, K\u00f6\u015fk \u0130l\u00e7e Tar\u0131m ve Orman M\u00fcd\u00fcr\u00fc Veysel Ali \u00dcnal, K\u00f6\u015fk \u0130l\u00e7e Milli E\u011fitim \u015eube M\u00fcd\u00fcr\u00fc Alper Ku\u015fo\u011flu, K\u00f6\u015fk Halk E\u011fitim M\u00fcd\u00fcr\u00fc Z\u00fclf\u00fc \u00d6ztek, okul \u00f6\u011fretmenleri, \u00e7ocuklar ve \u00e7ok say\u0131da vatanda\u015f kat\u0131ld\u0131.<br \/><\/p>\n","protected":false},"excerpt":{"rendered":"<p>Ayd\u0131n\u2019\u0131n K\u00f6\u015fk il\u00e7esinde ger\u00e7ekle\u015ftirilen kurumlar aras\u0131 voleybol turnuvas\u0131n\u0131n galibi K\u00f6\u015fk \u0130l\u00e7e Milli E\u011fitim M\u00fcd\u00fcrl\u00fc\u011f\u00fc oldu. K\u00f6\u015fk il\u00e7esindeki kamu kurum ve kurulu\u015flar\u0131n\u0131n aktivitelerini artt\u0131rarak, voleybol sporunu sevdirmek, kurumlar aras\u0131 i\u015fbirli\u011fi ve dayan\u0131\u015fmay\u0131 sa\u011flamak, spora te\u015fvik ederek i\u015f stresinden uzakla\u015fmak amac\u0131yla d\u00fczenlenen &#8220;K\u00f6\u015fk Kurumlar Aras\u0131 Voleybol Turnuvas\u0131&#8221; ba\u015far\u0131yla tamamland\u0131. M\u00fccadelenin yan\u0131 s\u0131ra renkli g\u00f6r\u00fcnt\u00fclere de sahne olan&#8230;<\/p>\n","protected":false},"author":1,"featured_media":29179,"comment_status":"open","ping_status":"open","sticky":false,"template":"","format":"standard","meta":{"_crdt_document":"","footnotes":""},"categories":[4],"tags":[],"class_list":["post-29178","post","type-post","status-publish","format-standard","has-post-thumbnail","hentry","category-spor"],"_links":{"self":[{"href":"https:\/\/www.egemtv.com\/index.php?rest_route=\/wp\/v2\/posts\/29178","targetHints":{"allow":["GET"]}}],"collection":[{"href":"https:\/\/www.egemtv.com\/index.php?rest_route=\/wp\/v2\/posts"}],"about":[{"href":"https:\/\/www.egemtv.com\/index.php?rest_route=\/wp\/v2\/types\/post"}],"author":[{"embeddable":true,"href":"https:\/\/www.egemtv.com\/index.php?rest_route=\/wp\/v2\/users\/1"}],"replies":[{"embeddable":true,"href":"https:\/\/www.egemtv.com\/index.php?rest_route=%2Fwp%2Fv2%2Fcomments&post=29178"}],"version-history":[{"count":1,"href":"https:\/\/www.egemtv.com\/index.php?rest_route=\/wp\/v2\/posts\/29178\/revisions"}],"predecessor-version":[{"id":29180,"href":"https:\/\/www.egemtv.com\/index.php?rest_route=\/wp\/v2\/posts\/29178\/revisions\/29180"}],"wp:featuredmedia":[{"embeddable":true,"href":"https:\/\/www.egemtv.com\/index.php?rest_route=\/wp\/v2\/media\/29179"}],"wp:attachment":[{"href":"https:\/\/www.egemtv.com\/index.php?rest_route=%2Fwp%2Fv2%2Fmedia&parent=29178"}],"wp:term":[{"taxonomy":"category","embeddable":true,"href":"https:\/\/www.egemtv.com\/index.php?rest_route=%2Fwp%2Fv2%2Fcategories&post=29178"},{"taxonomy":"post_tag","embeddable":true,"href":"https:\/\/www.egemtv.com\/index.php?rest_route=%2Fwp%2Fv2%2Ftags&post=29178"}],"curies":[{"name":"wp","href":"https:\/\/api.w.org\/{rel}","templated":true}]}}