{"id":29175,"date":"2025-05-16T12:15:53","date_gmt":"2025-05-16T09:15:53","guid":{"rendered":"https:\/\/www.egemtv.com\/?p=29175"},"modified":"2025-05-16T12:15:54","modified_gmt":"2025-05-16T09:15:54","slug":"fethiyede-trafik-kazasi-1-olu","status":"publish","type":"post","link":"https:\/\/www.egemtv.com\/?p=29175","title":{"rendered":"Fethiye\u2019de trafik kazas\u0131: 1 \u00f6l\u00fc"},"content":{"rendered":"<p>Mu\u011fla\u2019n\u0131n Fethiye il\u00e7esinde kamyonetle \u00e7arp\u0131\u015fan motosiklet s\u00fcr\u00fcc\u00fcs\u00fc kald\u0131r\u0131ld\u0131\u011f\u0131 hastanede hayat\u0131n\u0131 kaybetti.<\/p>\n<p>Kaza, Fethiye-Antalya karayolu \u00c7amk\u00f6y Mevki Fevzi \u00c7akmak Bulvar\u0131\u2019nda meydana geldi. Edinilen bilgiye g\u00f6re, Umutcan G\u00fc\u00e7l\u00fc (28) idaresindeki 15 ADJ 148 plakal\u0131 motosiklet ile Berat U. (25) \u0130daresindeki 48 F 7620 plakal\u0131 kamyonet ile \u00e7arp\u0131\u015ft\u0131. \u0130hbar \u00fczerine kaza yerine sa\u011fl\u0131k ve polis ekipleri sevk edildi. Kazada a\u011f\u0131r yaralanan Umutcan G\u00fc\u00e7l\u00fc, kald\u0131r\u0131ld\u0131\u011f\u0131 hastanede t\u00fcm m\u00fcdahalelere ra\u011fmen kurtar\u0131lamad\u0131.<\/p>\n<p>Kazayla ilgili soru\u015fturma s\u00fcr\u00fcyor.<br \/><\/p>\n","protected":false},"excerpt":{"rendered":"<p>Mu\u011fla\u2019n\u0131n Fethiye il\u00e7esinde kamyonetle \u00e7arp\u0131\u015fan motosiklet s\u00fcr\u00fcc\u00fcs\u00fc kald\u0131r\u0131ld\u0131\u011f\u0131 hastanede hayat\u0131n\u0131 kaybetti. Kaza, Fethiye-Antalya karayolu \u00c7amk\u00f6y Mevki Fevzi \u00c7akmak Bulvar\u0131\u2019nda meydana geldi. Edinilen bilgiye g\u00f6re, Umutcan G\u00fc\u00e7l\u00fc (28) idaresindeki 15 ADJ 148 plakal\u0131 motosiklet ile Berat U. (25) \u0130daresindeki 48 F 7620 plakal\u0131 kamyonet ile \u00e7arp\u0131\u015ft\u0131. \u0130hbar \u00fczerine kaza yerine sa\u011fl\u0131k ve polis ekipleri sevk edildi&#8230;.<\/p>\n","protected":false},"author":1,"featured_media":29176,"comment_status":"open","ping_status":"open","sticky":false,"template":"","format":"standard","meta":{"_crdt_document":"","footnotes":""},"categories":[5],"tags":[],"class_list":["post-29175","post","type-post","status-publish","format-standard","has-post-thumbnail","hentry","category-asayis"],"_links":{"self":[{"href":"https:\/\/www.egemtv.com\/index.php?rest_route=\/wp\/v2\/posts\/29175","targetHints":{"allow":["GET"]}}],"collection":[{"href":"https:\/\/www.egemtv.com\/index.php?rest_route=\/wp\/v2\/posts"}],"about":[{"href":"https:\/\/www.egemtv.com\/index.php?rest_route=\/wp\/v2\/types\/post"}],"author":[{"embeddable":true,"href":"https:\/\/www.egemtv.com\/index.php?rest_route=\/wp\/v2\/users\/1"}],"replies":[{"embeddable":true,"href":"https:\/\/www.egemtv.com\/index.php?rest_route=%2Fwp%2Fv2%2Fcomments&post=29175"}],"version-history":[{"count":1,"href":"https:\/\/www.egemtv.com\/index.php?rest_route=\/wp\/v2\/posts\/29175\/revisions"}],"predecessor-version":[{"id":29177,"href":"https:\/\/www.egemtv.com\/index.php?rest_route=\/wp\/v2\/posts\/29175\/revisions\/29177"}],"wp:featuredmedia":[{"embeddable":true,"href":"https:\/\/www.egemtv.com\/index.php?rest_route=\/wp\/v2\/media\/29176"}],"wp:attachment":[{"href":"https:\/\/www.egemtv.com\/index.php?rest_route=%2Fwp%2Fv2%2Fmedia&parent=29175"}],"wp:term":[{"taxonomy":"category","embeddable":true,"href":"https:\/\/www.egemtv.com\/index.php?rest_route=%2Fwp%2Fv2%2Fcategories&post=29175"},{"taxonomy":"post_tag","embeddable":true,"href":"https:\/\/www.egemtv.com\/index.php?rest_route=%2Fwp%2Fv2%2Ftags&post=29175"}],"curies":[{"name":"wp","href":"https:\/\/api.w.org\/{rel}","templated":true}]}}