{"id":29172,"date":"2025-05-16T12:15:44","date_gmt":"2025-05-16T09:15:44","guid":{"rendered":"https:\/\/www.egemtv.com\/?p=29172"},"modified":"2025-05-16T12:15:52","modified_gmt":"2025-05-16T09:15:52","slug":"sultanhisarda-ilkokul-ogrencilerine-jandarma-tanitildi","status":"publish","type":"post","link":"https:\/\/www.egemtv.com\/?p=29172","title":{"rendered":"Sultanhisar\u2019da ilkokul \u00f6\u011frencilerine jandarma tan\u0131t\u0131ld\u0131"},"content":{"rendered":"<p>Ayd\u0131n\u2019\u0131n Sultanhisar il\u00e7esinde ilkokul \u00f6\u011frencilerine jandarma faaliyetleri tan\u0131t\u0131ld\u0131.<br \/>\n<br \/>Sultanhisar \u0130l\u00e7e Jandarma Komutanl\u0131\u011f\u0131 taraf\u0131ndan At\u00e7a Mahallesi\u2019nde bulunan At\u00e7a Ali S\u00f6nmez \u0130lkokulu\u2019nda e\u011fitim g\u00f6ren \u00f6\u011frencilere Motorlu Jandarma Asayi\u015f Timleri taraf\u0131ndan s\u00fcrpriz yap\u0131larak ziyaret edildi. 10-16 May\u0131s Engelliler Haftas\u0131 kapsam\u0131nda haz\u0131rlanan etkinlikte \u00f6\u011frencilere de\u011ferli olduklar\u0131 hissettirilerek ara\u00e7 ve te\u00e7hizat tan\u0131t\u0131ld\u0131.<br \/><\/p>\n","protected":false},"excerpt":{"rendered":"<p>Ayd\u0131n\u2019\u0131n Sultanhisar il\u00e7esinde ilkokul \u00f6\u011frencilerine jandarma faaliyetleri tan\u0131t\u0131ld\u0131. Sultanhisar \u0130l\u00e7e Jandarma Komutanl\u0131\u011f\u0131 taraf\u0131ndan At\u00e7a Mahallesi\u2019nde bulunan At\u00e7a Ali S\u00f6nmez \u0130lkokulu\u2019nda e\u011fitim g\u00f6ren \u00f6\u011frencilere Motorlu Jandarma Asayi\u015f Timleri taraf\u0131ndan s\u00fcrpriz yap\u0131larak ziyaret edildi. 10-16 May\u0131s Engelliler Haftas\u0131 kapsam\u0131nda haz\u0131rlanan etkinlikte \u00f6\u011frencilere de\u011ferli olduklar\u0131 hissettirilerek ara\u00e7 ve te\u00e7hizat tan\u0131t\u0131ld\u0131.<\/p>\n","protected":false},"author":1,"featured_media":29173,"comment_status":"open","ping_status":"open","sticky":false,"template":"","format":"standard","meta":{"_crdt_document":"","footnotes":""},"categories":[1],"tags":[],"class_list":["post-29172","post","type-post","status-publish","format-standard","has-post-thumbnail","hentry","category-guncel"],"_links":{"self":[{"href":"https:\/\/www.egemtv.com\/index.php?rest_route=\/wp\/v2\/posts\/29172","targetHints":{"allow":["GET"]}}],"collection":[{"href":"https:\/\/www.egemtv.com\/index.php?rest_route=\/wp\/v2\/posts"}],"about":[{"href":"https:\/\/www.egemtv.com\/index.php?rest_route=\/wp\/v2\/types\/post"}],"author":[{"embeddable":true,"href":"https:\/\/www.egemtv.com\/index.php?rest_route=\/wp\/v2\/users\/1"}],"replies":[{"embeddable":true,"href":"https:\/\/www.egemtv.com\/index.php?rest_route=%2Fwp%2Fv2%2Fcomments&post=29172"}],"version-history":[{"count":1,"href":"https:\/\/www.egemtv.com\/index.php?rest_route=\/wp\/v2\/posts\/29172\/revisions"}],"predecessor-version":[{"id":29174,"href":"https:\/\/www.egemtv.com\/index.php?rest_route=\/wp\/v2\/posts\/29172\/revisions\/29174"}],"wp:featuredmedia":[{"embeddable":true,"href":"https:\/\/www.egemtv.com\/index.php?rest_route=\/wp\/v2\/media\/29173"}],"wp:attachment":[{"href":"https:\/\/www.egemtv.com\/index.php?rest_route=%2Fwp%2Fv2%2Fmedia&parent=29172"}],"wp:term":[{"taxonomy":"category","embeddable":true,"href":"https:\/\/www.egemtv.com\/index.php?rest_route=%2Fwp%2Fv2%2Fcategories&post=29172"},{"taxonomy":"post_tag","embeddable":true,"href":"https:\/\/www.egemtv.com\/index.php?rest_route=%2Fwp%2Fv2%2Ftags&post=29172"}],"curies":[{"name":"wp","href":"https:\/\/api.w.org\/{rel}","templated":true}]}}