{"id":29169,"date":"2025-05-16T11:59:19","date_gmt":"2025-05-16T08:59:19","guid":{"rendered":"https:\/\/www.egemtv.com\/?p=29169"},"modified":"2025-05-16T11:59:24","modified_gmt":"2025-05-16T08:59:24","slug":"spor-kenti-demircide-genclik-haftasi-tenis-turnuvasi-tamamlandi","status":"publish","type":"post","link":"https:\/\/www.egemtv.com\/?p=29169","title":{"rendered":"Spor kenti Demirci\u2019de Gen\u00e7lik Haftas\u0131 Tenis Turnuvas\u0131 tamamland\u0131"},"content":{"rendered":"<p>Manisa\u2019n\u0131n Demirci il\u00e7esinde Gen\u00e7lik Haftas\u0131 kapsam\u0131nda d\u00fczenlenen tenis turnuvas\u0131 final m\u00fcsabakalar\u0131 ile tamamland\u0131.<br \/>\n<br \/>Demirci Kaymakaml\u0131\u011f\u0131, Demirci Belediyesi, Gen\u00e7lik ve Spor \u0130l\u00e7e M\u00fcd\u00fcrl\u00fc\u011f\u00fc, Demirci Ak\u0131nc\u0131lar\u0131 Spor Kul\u00fcb\u00fc ve Demirci Gen\u00e7lik Merkezi i\u015fbirli\u011fi ile 15-21 May\u0131s Gen\u00e7lik Haftas\u0131 etkinlikleri kapsam\u0131nda d\u00fczenlenen tenis turnuvas\u0131 7 kategoride yap\u0131ld\u0131. \u00dcniversite Caddesi Demirci tenis kortlar\u0131nda d\u00fczenlenen tenis turnuvas\u0131na 46\u2019s\u0131 kad\u0131n, 41\u2019i erkek olmak \u00fczere 88 sporcu kat\u0131ld\u0131. Tenis kortlar\u0131nda g\u00fcnd\u00fcz ve gece ma\u00e7lar\u0131 ile 10 g\u00fcn s\u00fcren tenis turnuvas\u0131 final kar\u015f\u0131la\u015fmalar\u0131 ile sona erdi.<br \/>\n<br \/>Final m\u00fcsabakalar\u0131n\u0131n ard\u0131ndan dereceye giren sporculara \u00f6d\u00fcl ve madalyalar\u0131 Belediye Ba\u015fkan\u0131 Erkan Kara, Gen\u00e7lik Hizmetleri ve Spor \u0130l\u00e7e M\u00fcd\u00fcr\u00fc Bilal Y\u0131lmaz ve Belediye Ba\u015fkan Yard\u0131mc\u0131s\u0131 \u0130smail Hakk\u0131 G\u00fcl taraf\u0131ndan verildi.<br \/>\n<br \/>Belediye Ba\u015fkan\u0131 Erkan Kara \u00f6d\u00fcl t\u00f6reninde yapt\u0131\u011f\u0131 konu\u015fmada, &#8220;Tenis turnuvas\u0131na kat\u0131lan t\u00fcm sporcular\u0131m\u0131z\u0131 tebrik ediyorum. Demirci\u2019mizin e\u011fitim kenti kimli\u011finin yan\u0131nda art\u0131k sporda da \u00f6nemli \u00e7al\u0131\u015fmalar ve kat\u0131ld\u0131\u011f\u0131 yar\u0131\u015fmalarda ba\u015far\u0131 elde eden bir il\u00e7e olarak spor kenti kimli\u011fine de kavu\u015fmu\u015ftur. Gen\u00e7lerimizi spor ba\u015fta olmak \u00fczere her alanda belediyemiz olarak desteklemeyi s\u00fcrd\u00fcrece\u011fiz &#8220;dedi.<br \/>\n<br \/>Turnuvada k\u0131rm\u0131z\u0131 top kategorisinde il\u00e7e birincisi Elif Sezer, Turuncu top k\u0131zlar kategorisinde il\u00e7e birincisi Zeynep Ayd\u0131n, Turuncu top erkekler kategorisinde il\u00e7e birincisi Yavuz Selim Karag\u00f6z, Tek kad\u0131nlar 2. Grup kategorisinde il\u00e7e birincisi Elmas Yol, Tek kad\u0131nlar 1. Grup kategorisinde il\u00e7e birincisi Miray Ertan, Tek erkekler 2. Grup kategorisinde \u0130l\u00e7e birincisi Umut Mehmet \u00d6zyi\u011fit, Tek erkekler 1. grup kategorisinde il\u00e7e birincisi \u015eener \u00c7ankaya oldu.<br \/><\/p>\n","protected":false},"excerpt":{"rendered":"<p>Manisa\u2019n\u0131n Demirci il\u00e7esinde Gen\u00e7lik Haftas\u0131 kapsam\u0131nda d\u00fczenlenen tenis turnuvas\u0131 final m\u00fcsabakalar\u0131 ile tamamland\u0131. Demirci Kaymakaml\u0131\u011f\u0131, Demirci Belediyesi, Gen\u00e7lik ve Spor \u0130l\u00e7e M\u00fcd\u00fcrl\u00fc\u011f\u00fc, Demirci Ak\u0131nc\u0131lar\u0131 Spor Kul\u00fcb\u00fc ve Demirci Gen\u00e7lik Merkezi i\u015fbirli\u011fi ile 15-21 May\u0131s Gen\u00e7lik Haftas\u0131 etkinlikleri kapsam\u0131nda d\u00fczenlenen tenis turnuvas\u0131 7 kategoride yap\u0131ld\u0131. \u00dcniversite Caddesi Demirci tenis kortlar\u0131nda d\u00fczenlenen tenis turnuvas\u0131na 46\u2019s\u0131 kad\u0131n, 41\u2019i&#8230;<\/p>\n","protected":false},"author":1,"featured_media":29170,"comment_status":"open","ping_status":"open","sticky":false,"template":"","format":"standard","meta":{"_crdt_document":"","footnotes":""},"categories":[4],"tags":[],"class_list":["post-29169","post","type-post","status-publish","format-standard","has-post-thumbnail","hentry","category-spor"],"_links":{"self":[{"href":"https:\/\/www.egemtv.com\/index.php?rest_route=\/wp\/v2\/posts\/29169","targetHints":{"allow":["GET"]}}],"collection":[{"href":"https:\/\/www.egemtv.com\/index.php?rest_route=\/wp\/v2\/posts"}],"about":[{"href":"https:\/\/www.egemtv.com\/index.php?rest_route=\/wp\/v2\/types\/post"}],"author":[{"embeddable":true,"href":"https:\/\/www.egemtv.com\/index.php?rest_route=\/wp\/v2\/users\/1"}],"replies":[{"embeddable":true,"href":"https:\/\/www.egemtv.com\/index.php?rest_route=%2Fwp%2Fv2%2Fcomments&post=29169"}],"version-history":[{"count":1,"href":"https:\/\/www.egemtv.com\/index.php?rest_route=\/wp\/v2\/posts\/29169\/revisions"}],"predecessor-version":[{"id":29171,"href":"https:\/\/www.egemtv.com\/index.php?rest_route=\/wp\/v2\/posts\/29169\/revisions\/29171"}],"wp:featuredmedia":[{"embeddable":true,"href":"https:\/\/www.egemtv.com\/index.php?rest_route=\/wp\/v2\/media\/29170"}],"wp:attachment":[{"href":"https:\/\/www.egemtv.com\/index.php?rest_route=%2Fwp%2Fv2%2Fmedia&parent=29169"}],"wp:term":[{"taxonomy":"category","embeddable":true,"href":"https:\/\/www.egemtv.com\/index.php?rest_route=%2Fwp%2Fv2%2Fcategories&post=29169"},{"taxonomy":"post_tag","embeddable":true,"href":"https:\/\/www.egemtv.com\/index.php?rest_route=%2Fwp%2Fv2%2Ftags&post=29169"}],"curies":[{"name":"wp","href":"https:\/\/api.w.org\/{rel}","templated":true}]}}