{"id":29166,"date":"2025-05-16T11:59:19","date_gmt":"2025-05-16T08:59:19","guid":{"rendered":"https:\/\/www.egemtv.com\/?p=29166"},"modified":"2025-05-16T11:59:19","modified_gmt":"2025-05-16T08:59:19","slug":"tavas-belediyesi-saglik-ve-cevre-sorunlarina-neden-olan-molozlara-karsi-uyari-yapti","status":"publish","type":"post","link":"https:\/\/www.egemtv.com\/?p=29166","title":{"rendered":"Tavas Belediyesi sa\u011fl\u0131k ve \u00e7evre sorunlar\u0131na neden olan molozlara kar\u015f\u0131 uyar\u0131 yapt\u0131"},"content":{"rendered":"<p>Denizli\u2019nin Tavas il\u00e7esinde belediyeye ait \u00e7\u00f6p konteynerlerine b\u0131rak\u0131lan in\u015faat, tadilat ve tamiratlardan kaynaklanan molozlar, temizlik ekiplerine zor anlar ya\u015fat\u0131yor. Tavas Belediyesi, \u00e7evre kirlili\u011fi, halk sa\u011fl\u0131\u011f\u0131 ve ara\u00e7lar\u0131n zarar g\u00f6rmesine neden olan geli\u015fig\u00fczel moloz \u00e7\u0131karmalarla ilgili uyar\u0131larda bulundu.<\/p>\n<p>Son g\u00fcnlerde Tavas Belediyesine ait \u00e7\u00f6p konteynerlerine at\u0131lan in\u015faat, tadilat ve tamiratlardan kaynaklanan moloz at\u0131klar\u0131n\u0131n b\u0131rak\u0131ld\u0131\u011f\u0131 ve bu at\u0131klar\u0131n \u00e7evre kirlili\u011fine, halk sa\u011fl\u0131\u011f\u0131n\u0131n tehdit edilmesine ve belediyenin \u00e7\u00f6p toplama ara\u00e7lar\u0131n\u0131n zarar g\u00f6rmesine yol a\u00e7t\u0131\u011f\u0131n\u0131 belirtildi.<\/p>\n<p>Konu ile ilgili a\u00e7\u0131klamalarda bulunan Tavas Belediye Ba\u015fkan\u0131 Kadir Tat\u0131k, &#8220;Son g\u00fcnlerde belediyemize ait \u00e7\u00f6p konteynerlerine in\u015faat, tadilat ve tamiratlardan kaynaklanan moloz at\u0131klar\u0131n\u0131n b\u0131rak\u0131ld\u0131\u011f\u0131 tespit edilmi\u015ftir. Bu t\u00fcr at\u0131klar\u0131n, evsel \u00e7\u00f6plerle birlikte konteynerlere at\u0131lmas\u0131; \u00e7evre kirlili\u011fine, halk sa\u011fl\u0131\u011f\u0131n\u0131n tehdit edilmesine ve belediyemizin \u00e7\u00f6p toplama ara\u00e7lar\u0131n\u0131n zarar g\u00f6rmesine yol a\u00e7maktad\u0131r&#8221; dedi.<\/p>\n<p>&#8220;\u00c7\u00f6p konteynerleri yaln\u0131zca evsel at\u0131klar i\u00e7indir&#8221;<br \/>\n<br \/>\u00c7\u00f6p konteynerleri yaln\u0131zca evsel at\u0131klar i\u00e7in oldu\u011funu belirten Ba\u015fkan Tat\u0131k, &#8220;\u00c7\u00f6p konteynerleri yaln\u0131zca evsel at\u0131klar i\u00e7indir. Fayans, parke, al\u00e7\u0131pan, harfiyat, moloz ve benzeri in\u015faat at\u0131klar\u0131n\u0131 konteynerlere atmak yasakt\u0131r. Do\u011faya ve \u00e7evremize kar\u015f\u0131 sorumlulu\u011fumuzu hep birlikte yerine getirmeliyiz. G\u00f6sterdi\u011finiz duyarl\u0131l\u0131k i\u00e7in te\u015fekk\u00fcr ederiz&#8221; ifadelerini kulland\u0131.<br \/><\/p>\n","protected":false},"excerpt":{"rendered":"<p>Denizli\u2019nin Tavas il\u00e7esinde belediyeye ait \u00e7\u00f6p konteynerlerine b\u0131rak\u0131lan in\u015faat, tadilat ve tamiratlardan kaynaklanan molozlar, temizlik ekiplerine zor anlar ya\u015fat\u0131yor. Tavas Belediyesi, \u00e7evre kirlili\u011fi, halk sa\u011fl\u0131\u011f\u0131 ve ara\u00e7lar\u0131n zarar g\u00f6rmesine neden olan geli\u015fig\u00fczel moloz \u00e7\u0131karmalarla ilgili uyar\u0131larda bulundu. Son g\u00fcnlerde Tavas Belediyesine ait \u00e7\u00f6p konteynerlerine at\u0131lan in\u015faat, tadilat ve tamiratlardan kaynaklanan moloz at\u0131klar\u0131n\u0131n b\u0131rak\u0131ld\u0131\u011f\u0131 ve bu&#8230;<\/p>\n","protected":false},"author":1,"featured_media":29167,"comment_status":"open","ping_status":"open","sticky":false,"template":"","format":"standard","meta":{"_crdt_document":"","footnotes":""},"categories":[1],"tags":[],"class_list":["post-29166","post","type-post","status-publish","format-standard","has-post-thumbnail","hentry","category-guncel"],"_links":{"self":[{"href":"https:\/\/www.egemtv.com\/index.php?rest_route=\/wp\/v2\/posts\/29166","targetHints":{"allow":["GET"]}}],"collection":[{"href":"https:\/\/www.egemtv.com\/index.php?rest_route=\/wp\/v2\/posts"}],"about":[{"href":"https:\/\/www.egemtv.com\/index.php?rest_route=\/wp\/v2\/types\/post"}],"author":[{"embeddable":true,"href":"https:\/\/www.egemtv.com\/index.php?rest_route=\/wp\/v2\/users\/1"}],"replies":[{"embeddable":true,"href":"https:\/\/www.egemtv.com\/index.php?rest_route=%2Fwp%2Fv2%2Fcomments&post=29166"}],"version-history":[{"count":1,"href":"https:\/\/www.egemtv.com\/index.php?rest_route=\/wp\/v2\/posts\/29166\/revisions"}],"predecessor-version":[{"id":29168,"href":"https:\/\/www.egemtv.com\/index.php?rest_route=\/wp\/v2\/posts\/29166\/revisions\/29168"}],"wp:featuredmedia":[{"embeddable":true,"href":"https:\/\/www.egemtv.com\/index.php?rest_route=\/wp\/v2\/media\/29167"}],"wp:attachment":[{"href":"https:\/\/www.egemtv.com\/index.php?rest_route=%2Fwp%2Fv2%2Fmedia&parent=29166"}],"wp:term":[{"taxonomy":"category","embeddable":true,"href":"https:\/\/www.egemtv.com\/index.php?rest_route=%2Fwp%2Fv2%2Fcategories&post=29166"},{"taxonomy":"post_tag","embeddable":true,"href":"https:\/\/www.egemtv.com\/index.php?rest_route=%2Fwp%2Fv2%2Ftags&post=29166"}],"curies":[{"name":"wp","href":"https:\/\/api.w.org\/{rel}","templated":true}]}}