{"id":29163,"date":"2025-05-16T11:36:36","date_gmt":"2025-05-16T08:36:36","guid":{"rendered":"https:\/\/www.egemtv.com\/?p=29163"},"modified":"2025-05-16T11:36:40","modified_gmt":"2025-05-16T08:36:40","slug":"yenipazardaki-parklar-meydanlar-ve-caddeler-guzellesiyor","status":"publish","type":"post","link":"https:\/\/www.egemtv.com\/?p=29163","title":{"rendered":"Yenipazar\u2019daki parklar, meydanlar ve caddeler g\u00fczelle\u015fiyor"},"content":{"rendered":"<p>Yenipazar Belediyesi, il\u00e7ede temizlik ve d\u00fczenleme \u00e7al\u0131\u015fmalar\u0131na h\u0131z verirken, Belediye Ba\u015fkan\u0131 Malik Ercan \u00e7al\u0131\u015fmalar\u0131 yerinde inceledi.<\/p>\n<p>Yenipazar Belediyesi il\u00e7edeki \u00e7al\u0131\u015fmalar\u0131n\u0131 aral\u0131ks\u0131z s\u00fcr\u00fcyor. Belediye Ba\u015fkan\u0131 Malik Ercan \u00c7ar\u015f\u0131 Mahallesi Kocata\u015f Caddesi \u00fczerinde belediye ekiplerinin park alan\u0131nda ot bi\u00e7imi ve genel temizlik \u00e7al\u0131\u015fmalar\u0131n\u0131 tamamlad\u0131\u011f\u0131n\u0131 belirten Ba\u015fkan Ercan, &#8220;Topalh\u00fcseyin mevkiinde yer alan meydan ve umumi tuvaletlerin temizli\u011fi yap\u0131ld\u0131, ayr\u0131ca kire\u00e7leme i\u015flemleri de tamamland\u0131&#8221; dedi.<\/p>\n<p>Belirlenen tarla ve bah\u00e7e yollar\u0131nda da asfaltlama \u00e7al\u0131\u015fmalar\u0131na ba\u015flayacaklar\u0131n\u0131 ifade eden Ercan, &#8220;Yabani otlar\u0131n temizli\u011fi, a\u011fa\u00e7lar\u0131n budanmas\u0131 ve kire\u00e7lenmesi gibi i\u015flemleri yaparak Kocata\u015f Caddesini p\u0131r\u0131l p\u0131r\u0131l yapaca\u011f\u0131z. Belirledi\u011fimiz i\u015f program\u0131 dahilinde t\u00fcm mahallelerimizde \u00e7al\u0131\u015fmalar\u0131m\u0131z\u0131 s\u00fcrd\u00fcrece\u011fiz&#8221; ifadelerini kulland\u0131.<\/p>\n<p>Ba\u015fkan Ercan \u00e7al\u0131\u015fmalarda kendilerine destek veren Ayd\u0131n B\u00fcy\u00fck\u015fehir Belediye Ba\u015fkan\u0131 \u00d6zlem \u00c7er\u00e7io\u011flu\u2019na da \u00f6zel te\u015fekk\u00fcr etti. Ercan,&#8221;Bu \u00e7al\u0131\u015fmalarda bizlerin arkas\u0131nda her daim duran, ba\u015f\u0131m\u0131z s\u0131k\u0131\u015ft\u0131\u011f\u0131nda can suyunu uzatan B\u00fcy\u00fck Ba\u015fkan, Topuklu Efemiz \u00d6zlem \u00c7er\u00e7io\u011flu\u2019na \u00e7ok te\u015fekk\u00fcr ederim&#8221; ifadelerini kulland\u0131.<br \/><\/p>\n","protected":false},"excerpt":{"rendered":"<p>Yenipazar Belediyesi, il\u00e7ede temizlik ve d\u00fczenleme \u00e7al\u0131\u015fmalar\u0131na h\u0131z verirken, Belediye Ba\u015fkan\u0131 Malik Ercan \u00e7al\u0131\u015fmalar\u0131 yerinde inceledi. Yenipazar Belediyesi il\u00e7edeki \u00e7al\u0131\u015fmalar\u0131n\u0131 aral\u0131ks\u0131z s\u00fcr\u00fcyor. Belediye Ba\u015fkan\u0131 Malik Ercan \u00c7ar\u015f\u0131 Mahallesi Kocata\u015f Caddesi \u00fczerinde belediye ekiplerinin park alan\u0131nda ot bi\u00e7imi ve genel temizlik \u00e7al\u0131\u015fmalar\u0131n\u0131 tamamlad\u0131\u011f\u0131n\u0131 belirten Ba\u015fkan Ercan, &#8220;Topalh\u00fcseyin mevkiinde yer alan meydan ve umumi tuvaletlerin temizli\u011fi yap\u0131ld\u0131,&#8230;<\/p>\n","protected":false},"author":1,"featured_media":29164,"comment_status":"open","ping_status":"open","sticky":false,"template":"","format":"standard","meta":{"_crdt_document":"","footnotes":""},"categories":[1],"tags":[],"class_list":["post-29163","post","type-post","status-publish","format-standard","has-post-thumbnail","hentry","category-guncel"],"_links":{"self":[{"href":"https:\/\/www.egemtv.com\/index.php?rest_route=\/wp\/v2\/posts\/29163","targetHints":{"allow":["GET"]}}],"collection":[{"href":"https:\/\/www.egemtv.com\/index.php?rest_route=\/wp\/v2\/posts"}],"about":[{"href":"https:\/\/www.egemtv.com\/index.php?rest_route=\/wp\/v2\/types\/post"}],"author":[{"embeddable":true,"href":"https:\/\/www.egemtv.com\/index.php?rest_route=\/wp\/v2\/users\/1"}],"replies":[{"embeddable":true,"href":"https:\/\/www.egemtv.com\/index.php?rest_route=%2Fwp%2Fv2%2Fcomments&post=29163"}],"version-history":[{"count":1,"href":"https:\/\/www.egemtv.com\/index.php?rest_route=\/wp\/v2\/posts\/29163\/revisions"}],"predecessor-version":[{"id":29165,"href":"https:\/\/www.egemtv.com\/index.php?rest_route=\/wp\/v2\/posts\/29163\/revisions\/29165"}],"wp:featuredmedia":[{"embeddable":true,"href":"https:\/\/www.egemtv.com\/index.php?rest_route=\/wp\/v2\/media\/29164"}],"wp:attachment":[{"href":"https:\/\/www.egemtv.com\/index.php?rest_route=%2Fwp%2Fv2%2Fmedia&parent=29163"}],"wp:term":[{"taxonomy":"category","embeddable":true,"href":"https:\/\/www.egemtv.com\/index.php?rest_route=%2Fwp%2Fv2%2Fcategories&post=29163"},{"taxonomy":"post_tag","embeddable":true,"href":"https:\/\/www.egemtv.com\/index.php?rest_route=%2Fwp%2Fv2%2Ftags&post=29163"}],"curies":[{"name":"wp","href":"https:\/\/api.w.org\/{rel}","templated":true}]}}