{"id":29160,"date":"2025-05-16T11:36:31","date_gmt":"2025-05-16T08:36:31","guid":{"rendered":"https:\/\/www.egemtv.com\/?p=29160"},"modified":"2025-05-16T11:36:36","modified_gmt":"2025-05-16T08:36:36","slug":"iklime-direncli-ormancilikta-aydindan-uzman-destegi","status":"publish","type":"post","link":"https:\/\/www.egemtv.com\/?p=29160","title":{"rendered":"\u0130klime diren\u00e7li ormanc\u0131l\u0131kta Ayd\u0131n\u2019dan uzman deste\u011fi"},"content":{"rendered":"<p>T\u00fcrkiye ormanc\u0131l\u0131\u011f\u0131n\u0131n gelece\u011fini \u015fekillendirecek programdaki uzman isimler aras\u0131nda Ko\u00e7arl\u0131 Meslek Y\u00fcksekokulu \u00d6\u011fretim G\u00f6revlisi Hayrettin \u0130lker \u00d6zdemir de yer ald\u0131.<\/p>\n<p>T\u00fcrkiye\u2019nin ormanlar\u0131n\u0131 iklim de\u011fi\u015fikli\u011fine kar\u015f\u0131 daha dayan\u0131kl\u0131 hale getirmeyi hedefleyen &#8220;\u0130klime Diren\u00e7li Ormanc\u0131l\u0131k Projesi&#8221; kapsam\u0131nda olu\u015fturulan T\u00fcrkiye Ulusal Ormanc\u0131l\u0131k Program\u0131\u2019n\u0131n haz\u0131rl\u0131k s\u00fcrecine Ayd\u0131n\u2019dan da bir isim kat\u0131ld\u0131. T\u00fcrkiye ormanc\u0131l\u0131\u011f\u0131n\u0131n gelecek 20 y\u0131l\u0131n\u0131 \u015fekillendirmesi beklenen yol haritas\u0131, 9 ilde d\u00fczenlenen 10 \u00e7al\u0131\u015ftayla olu\u015fturulurken, program, iklim de\u011fi\u015fikli\u011finin ormanlar \u00fczerindeki etkilerini en aza indirmeyi, yang\u0131nlarla m\u00fccadeleyi g\u00fc\u00e7lendirmeyi, ekosistemleri korumay\u0131 ve ormanc\u0131l\u0131k alan\u0131nda kurumsal kapasiteyi art\u0131rmay\u0131 ama\u00e7l\u0131yor. Bu kapsamda Ko\u00e7arl\u0131 Meslek Y\u00fcksekokulu\u2019nda \u00f6\u011fretim g\u00f6revlisi olarak g\u00f6rev yapan \u00d6\u011fretim G\u00f6revlisi Hayrettin \u0130lker \u00d6zdemir, 2048 y\u0131l\u0131na kadar y\u00fcr\u00fcrl\u00fckte kalmas\u0131 planlanan kapsaml\u0131 program\u0131n olu\u015fturulmas\u0131nda g\u00f6rev alan uzmanlar aras\u0131nda yer ald\u0131. \u00d6zdemir, ormanc\u0131l\u0131kla ilgili politika, strateji ve eylem planlar\u0131n\u0131n belirlenmesine katk\u0131 sunacak ekipte yer alarak projeye akademik destek verecek.<br \/><\/p>\n","protected":false},"excerpt":{"rendered":"<p>T\u00fcrkiye ormanc\u0131l\u0131\u011f\u0131n\u0131n gelece\u011fini \u015fekillendirecek programdaki uzman isimler aras\u0131nda Ko\u00e7arl\u0131 Meslek Y\u00fcksekokulu \u00d6\u011fretim G\u00f6revlisi Hayrettin \u0130lker \u00d6zdemir de yer ald\u0131. T\u00fcrkiye\u2019nin ormanlar\u0131n\u0131 iklim de\u011fi\u015fikli\u011fine kar\u015f\u0131 daha dayan\u0131kl\u0131 hale getirmeyi hedefleyen &#8220;\u0130klime Diren\u00e7li Ormanc\u0131l\u0131k Projesi&#8221; kapsam\u0131nda olu\u015fturulan T\u00fcrkiye Ulusal Ormanc\u0131l\u0131k Program\u0131\u2019n\u0131n haz\u0131rl\u0131k s\u00fcrecine Ayd\u0131n\u2019dan da bir isim kat\u0131ld\u0131. T\u00fcrkiye ormanc\u0131l\u0131\u011f\u0131n\u0131n gelecek 20 y\u0131l\u0131n\u0131 \u015fekillendirmesi beklenen yol haritas\u0131,&#8230;<\/p>\n","protected":false},"author":1,"featured_media":29161,"comment_status":"open","ping_status":"open","sticky":false,"template":"","format":"standard","meta":{"_crdt_document":"","footnotes":""},"categories":[1],"tags":[],"class_list":["post-29160","post","type-post","status-publish","format-standard","has-post-thumbnail","hentry","category-guncel"],"_links":{"self":[{"href":"https:\/\/www.egemtv.com\/index.php?rest_route=\/wp\/v2\/posts\/29160","targetHints":{"allow":["GET"]}}],"collection":[{"href":"https:\/\/www.egemtv.com\/index.php?rest_route=\/wp\/v2\/posts"}],"about":[{"href":"https:\/\/www.egemtv.com\/index.php?rest_route=\/wp\/v2\/types\/post"}],"author":[{"embeddable":true,"href":"https:\/\/www.egemtv.com\/index.php?rest_route=\/wp\/v2\/users\/1"}],"replies":[{"embeddable":true,"href":"https:\/\/www.egemtv.com\/index.php?rest_route=%2Fwp%2Fv2%2Fcomments&post=29160"}],"version-history":[{"count":1,"href":"https:\/\/www.egemtv.com\/index.php?rest_route=\/wp\/v2\/posts\/29160\/revisions"}],"predecessor-version":[{"id":29162,"href":"https:\/\/www.egemtv.com\/index.php?rest_route=\/wp\/v2\/posts\/29160\/revisions\/29162"}],"wp:featuredmedia":[{"embeddable":true,"href":"https:\/\/www.egemtv.com\/index.php?rest_route=\/wp\/v2\/media\/29161"}],"wp:attachment":[{"href":"https:\/\/www.egemtv.com\/index.php?rest_route=%2Fwp%2Fv2%2Fmedia&parent=29160"}],"wp:term":[{"taxonomy":"category","embeddable":true,"href":"https:\/\/www.egemtv.com\/index.php?rest_route=%2Fwp%2Fv2%2Fcategories&post=29160"},{"taxonomy":"post_tag","embeddable":true,"href":"https:\/\/www.egemtv.com\/index.php?rest_route=%2Fwp%2Fv2%2Ftags&post=29160"}],"curies":[{"name":"wp","href":"https:\/\/api.w.org\/{rel}","templated":true}]}}