{"id":29157,"date":"2025-05-16T11:36:27","date_gmt":"2025-05-16T08:36:27","guid":{"rendered":"https:\/\/www.egemtv.com\/?p=29157"},"modified":"2025-05-16T11:36:31","modified_gmt":"2025-05-16T08:36:31","slug":"aydinda-incelemelerde-bulunan-ozbek-doktordan-aydinlilara-tavsiye-bulundugunuz-bolgenin-kiymetini-bilin","status":"publish","type":"post","link":"https:\/\/www.egemtv.com\/?p=29157","title":{"rendered":"Ayd\u0131n\u2019da incelemelerde bulunan \u00d6zbek Doktor\u2019dan Ayd\u0131nl\u0131lara tavsiye: Bulundu\u011funuz b\u00f6lgenin k\u0131ymetini bilin"},"content":{"rendered":"<p>T\u00fcrkiye ve \u00d6zbekistan\u2019da yakla\u015f\u0131k 35 y\u0131ld\u0131r t\u0131p doktorlu\u011fu yapan Dahiliye ve Tibet T\u0131bb\u0131 Uzman\u0131 \u00d6zbek Uyruklu \u0130rade Deniz Abdurrahmanova, Karya Farma HBX Ar-Ge\u2019nin \u00e7al\u0131\u015fmalar\u0131n\u0131 y\u00fcr\u00fctt\u00fc\u011f\u00fc Ayd\u0131n Adnan Menderes \u00dcniversitesi Teknokent\u2019e ziyarette bulundu.<br \/>\n<br \/>Hastal\u0131klar\u0131n tedavisinde ki\u015filerin duygular\u0131na ve do\u011fal \u00fcr\u00fcnlere \u00f6nem verdi\u011fini belirterek Ayd\u0131n\u2019da Karya Farma HBX Ar-Ge Kurucusu Hakan Ba\u015fl\u0131k taraf\u0131ndan \u00fcretilen HBX2371 adl\u0131 \u00fcr\u00fcn\u00fc \u00d6zbekistan\u2019da da kulland\u0131\u011f\u0131n\u0131 belirten Abdurrahmanova, Ayd\u0131n\u2019\u0131n her yerini adeta do\u011fal bir \u015fifa deposuna benzetti\u011fini s\u00f6yledi.<br \/>\n<br \/>HBX Ar-Ge Kurucusu Hakan Ba\u015fl\u0131k ile birlikte AD\u00dc Teknokent Genel M\u00fcd\u00fcr\u00fc Do\u00e7. Dr. Mustafa Akkaya\u2019y\u0131 makam\u0131nda ziyaret eden \u0130rade Deniz Abdurrahmanova, \u00d6zbekistan\u2019a kadar ula\u015fan HBX2371 adl\u0131 \u00fcr\u00fcn\u00fcn Ayd\u0131n\u2019da \u00fcretilmesinden dolay\u0131 Karya Farma HBX Ar-Ge Kurucusu Hakan Ba\u015fl\u0131k ve AD\u00dc Teknokent Genel M\u00fcd\u00fcr\u00fc Do\u00e7. Dr. Akkaya\u2019ya te\u015fekk\u00fcr etti.<br \/>\n<br \/>&#8220;\u0130nsan v\u00fccudunun kendi kendine tamir eden bir \u00f6zelli\u011fi vard\u0131r&#8221;<br \/>\n<br \/>Bir hekim olarak tedavinin kimyasal ila\u00e7lardan ziyade m\u00fcmk\u00fcn mertebe do\u011fal \u00fcr\u00fcnlerle yap\u0131lmas\u0131ndan yana oldu\u011funu bu nedenle do\u011fall\u0131\u011fa \u00e7ok \u00f6nem verdi\u011fini belirten Abdurrahmanova, &#8220;Bana g\u00f6re ila\u00e7lar sadece hastal\u0131\u011f\u0131 bast\u0131r\u0131yor. Oysa insan v\u00fccudu ihtiyac\u0131 olan do\u011fal \u00fcr\u00fcn\u00fc ald\u0131\u011f\u0131nda s\u0131k\u0131nt\u0131l\u0131 olan b\u00f6lgeyi kendi kendine tamir eder&#8221; diye konu\u015ftu.<br \/>\n<br \/>&#8220;Duygular\u0131n\u0131z\u0131 kontrol edin, pozitif d\u00fc\u015f\u00fcn\u00fcn&#8221;<br \/>\n<br \/>Kendisine g\u00f6re; D\u00fcnyan\u0131n ya\u015fanacak en g\u00fczel yerlerinden birinin T\u00fcrkiye, T\u00fcrkiye\u2019de Ege, Ege\u2019de Ayd\u0131n oldu\u011funu belirten \u0130rade Deniz Abdurrahmanova, &#8220;\u0130nsanlar genellikle duygular\u0131ndan dolay\u0131 hastalan\u0131r. \u00d6ncelikle pozitif d\u00fc\u015f\u00fcnceyi \u00e7ok \u00f6nemsiyorum. Ard\u0131ndan do\u011fal \u00fcr\u00fcnler. \u0130nsanlar\u0131n v\u00fccudunda insana gereken minerallerin neredeyse tamam\u0131 Ayd\u0131n\u2019daki bitkilerde var diyebiliriz. Ayd\u0131n\u2019da nereye baksan\u0131z \u015fifal\u0131 bitkilerle kar\u015f\u0131la\u015f\u0131yorsunuz. Yer y\u00fcz\u00fcn\u00fcn de insan v\u00fccudu gibi anatomisi var. San\u0131r\u0131m yery\u00fcz\u00fcn\u00fcn bu konuda en \u00f6nemli yeri Ege ve Ayd\u0131n. 35 y\u0131ll\u0131k hekimlik tecr\u00fcbeme dayanarak konu\u015fuyorum. Sa\u011fl\u0131kl\u0131 ya\u015fam\u0131n temeli bence duygular\u0131 kontrol etme, kindarl\u0131ktan ve k\u0131yaslamadan uzak stressiz bir ya\u015fam ve do\u011fal beslenme. Kanaat ve \u015f\u00fck\u00fcr azald\u0131 insanlar daha \u00e7ok hasta oluyor&#8221; dedi.<br \/>\n<br \/>Abdurrahmanova, Ayd\u0131n\u2019da \u00fcretilen HBX2371 ile ilgili olarak da &#8220;\u015eu anda bizim kulland\u0131\u011f\u0131m\u0131z ve ad\u0131na HBX denilen bu \u00fcr\u00fcn\u00fcn i\u00e7inde, incir \u00e7ekirde\u011fi ya\u011f\u0131ndan, zeytin ya\u011f\u0131na, biberiyeden \u00e7am f\u0131st\u0131\u011f\u0131 ya\u011f\u0131na kadar b\u00f6lgenin t\u00fcm faydal\u0131 bitkilerinin ya\u011flar\u0131 belli oranlarda bulunuyor. \u00d6\u011frendi\u011fim kadar\u0131yla \u00e7eyrek as\u0131rl\u0131k bir \u00e7al\u0131\u015fman\u0131n \u00fcr\u00fcn\u00fc. Tabiat\u0131n t\u00fcm faydalar\u0131n\u0131 bir \u015fi\u015fede toplamay\u0131 ba\u015faran HBX Ar-Ge ekibine te\u015fekk\u00fcr ediyorum&#8221; dedi.<br \/><\/p>\n","protected":false},"excerpt":{"rendered":"<p>T\u00fcrkiye ve \u00d6zbekistan\u2019da yakla\u015f\u0131k 35 y\u0131ld\u0131r t\u0131p doktorlu\u011fu yapan Dahiliye ve Tibet T\u0131bb\u0131 Uzman\u0131 \u00d6zbek Uyruklu \u0130rade Deniz Abdurrahmanova, Karya Farma HBX Ar-Ge\u2019nin \u00e7al\u0131\u015fmalar\u0131n\u0131 y\u00fcr\u00fctt\u00fc\u011f\u00fc Ayd\u0131n Adnan Menderes \u00dcniversitesi Teknokent\u2019e ziyarette bulundu. Hastal\u0131klar\u0131n tedavisinde ki\u015filerin duygular\u0131na ve do\u011fal \u00fcr\u00fcnlere \u00f6nem verdi\u011fini belirterek Ayd\u0131n\u2019da Karya Farma HBX Ar-Ge Kurucusu Hakan Ba\u015fl\u0131k taraf\u0131ndan \u00fcretilen HBX2371 adl\u0131 \u00fcr\u00fcn\u00fc&#8230;<\/p>\n","protected":false},"author":1,"featured_media":29158,"comment_status":"open","ping_status":"open","sticky":false,"template":"","format":"standard","meta":{"_crdt_document":"","footnotes":""},"categories":[124],"tags":[],"class_list":["post-29157","post","type-post","status-publish","format-standard","has-post-thumbnail","hentry","category-bilim"],"_links":{"self":[{"href":"https:\/\/www.egemtv.com\/index.php?rest_route=\/wp\/v2\/posts\/29157","targetHints":{"allow":["GET"]}}],"collection":[{"href":"https:\/\/www.egemtv.com\/index.php?rest_route=\/wp\/v2\/posts"}],"about":[{"href":"https:\/\/www.egemtv.com\/index.php?rest_route=\/wp\/v2\/types\/post"}],"author":[{"embeddable":true,"href":"https:\/\/www.egemtv.com\/index.php?rest_route=\/wp\/v2\/users\/1"}],"replies":[{"embeddable":true,"href":"https:\/\/www.egemtv.com\/index.php?rest_route=%2Fwp%2Fv2%2Fcomments&post=29157"}],"version-history":[{"count":1,"href":"https:\/\/www.egemtv.com\/index.php?rest_route=\/wp\/v2\/posts\/29157\/revisions"}],"predecessor-version":[{"id":29159,"href":"https:\/\/www.egemtv.com\/index.php?rest_route=\/wp\/v2\/posts\/29157\/revisions\/29159"}],"wp:featuredmedia":[{"embeddable":true,"href":"https:\/\/www.egemtv.com\/index.php?rest_route=\/wp\/v2\/media\/29158"}],"wp:attachment":[{"href":"https:\/\/www.egemtv.com\/index.php?rest_route=%2Fwp%2Fv2%2Fmedia&parent=29157"}],"wp:term":[{"taxonomy":"category","embeddable":true,"href":"https:\/\/www.egemtv.com\/index.php?rest_route=%2Fwp%2Fv2%2Fcategories&post=29157"},{"taxonomy":"post_tag","embeddable":true,"href":"https:\/\/www.egemtv.com\/index.php?rest_route=%2Fwp%2Fv2%2Ftags&post=29157"}],"curies":[{"name":"wp","href":"https:\/\/api.w.org\/{rel}","templated":true}]}}