{"id":29154,"date":"2025-05-16T11:36:23","date_gmt":"2025-05-16T08:36:23","guid":{"rendered":"https:\/\/www.egemtv.com\/?p=29154"},"modified":"2025-05-16T11:36:27","modified_gmt":"2025-05-16T08:36:27","slug":"kutahyada-film-gibi-dolandiricilik-girisimini-polis-son-anda-onledi","status":"publish","type":"post","link":"https:\/\/www.egemtv.com\/?p=29154","title":{"rendered":"K\u00fctahya\u2019da film gibi doland\u0131r\u0131c\u0131l\u0131k giri\u015fimini polis son anda \u00f6nledi"},"content":{"rendered":"<p>K\u00fctahya\u2019da kendilerini polis olarak tan\u0131tarak bir vatanda\u015f\u0131 doland\u0131rmak isteyen \u015f\u00fcpheliler, polis ekiplerinin ba\u015far\u0131l\u0131 operasyonuyla su\u00e7\u00fcst\u00fc yakaland\u0131. 70 ya\u015f\u0131ndaki emekli \u0130.A.\u2019n\u0131n yakla\u015f\u0131k 2 milyon TL de\u011ferindeki ziynet e\u015fyalar\u0131 son anda kurtar\u0131ld\u0131.<br \/>\n<br \/>K\u00fctahya \u0130l Emniyet M\u00fcd\u00fcrl\u00fc\u011f\u00fc Ka\u00e7ak\u00e7\u0131l\u0131k ve Organize Su\u00e7larla M\u00fccadele (KOM) \u015eube M\u00fcd\u00fcrl\u00fc\u011f\u00fc\u2019ne ba\u015fvuran \u0130.A., kimli\u011fini bilmedi\u011fi bir ki\u015finin kendisini arayarak polis olarak tan\u0131tt\u0131\u011f\u0131n\u0131 ve bir su\u00e7a kar\u0131\u015ft\u0131\u011f\u0131n\u0131 s\u00f6yleyerek evindeki alt\u0131nlar\u0131n foto\u011fraflar\u0131n\u0131 istemesinin ard\u0131ndan, bu alt\u0131nlar\u0131 da inceleme bahanesiyle teslim etmesini istedi\u011fini belirtti. \u0130hbar \u00fczerine harekete ge\u00e7en KOM ekipleri, alt\u0131nlar\u0131 almaya gelece\u011fi de\u011ferlendirilen ve i\u00e7inde iki \u015f\u00fcphelinin bulundu\u011fu arac\u0131 \u0130stanbul\u2019dan hareket ederken tespit etti. Ara\u00e7, Eski\u015fehir PTS noktas\u0131ndan ge\u00e7i\u015f yaparken takibe al\u0131nd\u0131. Ma\u011fdurun ikameti \u00e7evresinde gerekli g\u00fcvenlik \u00f6nlemlerini alan ekipler, \u015f\u00fcphelilerden birinin \u0130.A.\u2019y\u0131 alt\u0131nlar\u0131 balkondan atmas\u0131 i\u00e7in y\u00f6nlendirdi\u011fi s\u0131rada operasyon d\u00fczenledi. Bah\u00e7ede bekleyen \u015f\u00fcpheli ekiplerce su\u00e7\u00fcst\u00fc yakaland\u0131.<br \/>\n<br \/>Operasyonda, doland\u0131r\u0131c\u0131l\u0131k ma\u011fduru \u0130.A.\u2019n\u0131n yakla\u015f\u0131k 2 milyon TL de\u011ferindeki ziynet e\u015fyalar\u0131n\u0131n kayb\u0131 \u00f6nlenirken, \u015f\u00fcpheli M.\u015e.\u2019ye korsan taksicilik yapmaktan 46 bin 392 TL idari para cezas\u0131 kesildi ve arac\u0131 60 g\u00fcn s\u00fcreyle trafikten men edildi.<br \/>\n<br \/>Adli makamlara sevk edilen \u015f\u00fcphelilerden M.\u015e. adli kontrol \u015fart\u0131yla serbest b\u0131rak\u0131l\u0131rken, M.S. tutuklanarak cezaevine g\u00f6nderildi.<br \/><\/p>\n","protected":false},"excerpt":{"rendered":"<p>K\u00fctahya\u2019da kendilerini polis olarak tan\u0131tarak bir vatanda\u015f\u0131 doland\u0131rmak isteyen \u015f\u00fcpheliler, polis ekiplerinin ba\u015far\u0131l\u0131 operasyonuyla su\u00e7\u00fcst\u00fc yakaland\u0131. 70 ya\u015f\u0131ndaki emekli \u0130.A.\u2019n\u0131n yakla\u015f\u0131k 2 milyon TL de\u011ferindeki ziynet e\u015fyalar\u0131 son anda kurtar\u0131ld\u0131. K\u00fctahya \u0130l Emniyet M\u00fcd\u00fcrl\u00fc\u011f\u00fc Ka\u00e7ak\u00e7\u0131l\u0131k ve Organize Su\u00e7larla M\u00fccadele (KOM) \u015eube M\u00fcd\u00fcrl\u00fc\u011f\u00fc\u2019ne ba\u015fvuran \u0130.A., kimli\u011fini bilmedi\u011fi bir ki\u015finin kendisini arayarak polis olarak tan\u0131tt\u0131\u011f\u0131n\u0131 ve bir&#8230;<\/p>\n","protected":false},"author":1,"featured_media":29155,"comment_status":"open","ping_status":"open","sticky":false,"template":"","format":"standard","meta":{"_crdt_document":"","footnotes":""},"categories":[5],"tags":[],"class_list":["post-29154","post","type-post","status-publish","format-standard","has-post-thumbnail","hentry","category-asayis"],"_links":{"self":[{"href":"https:\/\/www.egemtv.com\/index.php?rest_route=\/wp\/v2\/posts\/29154","targetHints":{"allow":["GET"]}}],"collection":[{"href":"https:\/\/www.egemtv.com\/index.php?rest_route=\/wp\/v2\/posts"}],"about":[{"href":"https:\/\/www.egemtv.com\/index.php?rest_route=\/wp\/v2\/types\/post"}],"author":[{"embeddable":true,"href":"https:\/\/www.egemtv.com\/index.php?rest_route=\/wp\/v2\/users\/1"}],"replies":[{"embeddable":true,"href":"https:\/\/www.egemtv.com\/index.php?rest_route=%2Fwp%2Fv2%2Fcomments&post=29154"}],"version-history":[{"count":1,"href":"https:\/\/www.egemtv.com\/index.php?rest_route=\/wp\/v2\/posts\/29154\/revisions"}],"predecessor-version":[{"id":29156,"href":"https:\/\/www.egemtv.com\/index.php?rest_route=\/wp\/v2\/posts\/29154\/revisions\/29156"}],"wp:featuredmedia":[{"embeddable":true,"href":"https:\/\/www.egemtv.com\/index.php?rest_route=\/wp\/v2\/media\/29155"}],"wp:attachment":[{"href":"https:\/\/www.egemtv.com\/index.php?rest_route=%2Fwp%2Fv2%2Fmedia&parent=29154"}],"wp:term":[{"taxonomy":"category","embeddable":true,"href":"https:\/\/www.egemtv.com\/index.php?rest_route=%2Fwp%2Fv2%2Fcategories&post=29154"},{"taxonomy":"post_tag","embeddable":true,"href":"https:\/\/www.egemtv.com\/index.php?rest_route=%2Fwp%2Fv2%2Ftags&post=29154"}],"curies":[{"name":"wp","href":"https:\/\/api.w.org\/{rel}","templated":true}]}}