{"id":29151,"date":"2025-05-16T11:17:55","date_gmt":"2025-05-16T08:17:55","guid":{"rendered":"https:\/\/www.egemtv.com\/?p=29151"},"modified":"2025-05-16T11:18:00","modified_gmt":"2025-05-16T08:18:00","slug":"medical-point-hastanesine-temostan-yeniden-uluslararasi-akreditasyon","status":"publish","type":"post","link":"https:\/\/www.egemtv.com\/?p=29151","title":{"rendered":"Medical Point Hastanesi\u2019ne TEMOS\u2019tan yeniden uluslararas\u0131 akreditasyon"},"content":{"rendered":"<p>\u0130zmir Medical Point Hastanesi, hasta ve \u00e7al\u0131\u015fan g\u00fcvenli\u011fini esas alan sa\u011fl\u0131k hizmetleriyle uluslararas\u0131 alanda bir ba\u015far\u0131ya daha imza att\u0131. Almanya merkezli ba\u011f\u0131ms\u0131z akreditasyon kurulu\u015fu TEMOS taraf\u0131ndan ge\u00e7ti\u011fimiz y\u0131l yap\u0131lan denetimlerle akredite edilen hastane, bu y\u0131l ger\u00e7ekle\u015ftirilen yeniden de\u011ferlendirme s\u00fcrecinden de ba\u015far\u0131yla ge\u00e7ti.<br \/>\n<br \/>Sa\u011fl\u0131k sekt\u00f6r\u00fcnde kalite standartlar\u0131n\u0131 belirleyen \u00f6nemli otoritelerden biri olan TEMOS\u2019un ikinci kez onaylad\u0131\u011f\u0131 Medical Point Hastanesi, b\u00f6ylece hem hizmet kalitesi hem de hasta g\u00fcvenli\u011fi konusundaki s\u00fcrd\u00fcr\u00fclebilir yakla\u015f\u0131m\u0131n\u0131 belgeledi. Yeniden akreditasyon s\u00fcrecinde, hastanenin klinik hizmetlerden y\u00f6netsel s\u00fcre\u00e7lere, hasta deneyiminden dijital altyap\u0131ya kadar bir\u00e7ok ba\u015fl\u0131kta uluslararas\u0131 standartlar\u0131 sa\u011flad\u0131\u011f\u0131 g\u00f6r\u00fcld\u00fc.<br \/>\n<br \/>Medical Point Hastanesi, kalite y\u00f6netimi s\u00fcre\u00e7lerini Kaliteyi Geli\u015ftirme ve De\u011fi\u015ftirme M\u00fcd\u00fcrl\u00fc\u011f\u00fc koordinasyonunda y\u00fcr\u00fct\u00fcyor. S\u00fcrekli geli\u015fim ve iyile\u015ftirmeyi merkezine alan m\u00fcd\u00fcrl\u00fck, t\u00fcm birimlerle e\u015fg\u00fcd\u00fcm i\u00e7erisinde \u00e7al\u0131\u015farak hasta ve \u00e7al\u0131\u015fan memnuniyetini art\u0131rmaya y\u00f6nelik projelere imza at\u0131yor.<br \/>\n<br \/>Medical Point Y\u00f6netim Kurulu Ba\u015fkan\u0131 Veysi Kubba, konuyla ilgili yapt\u0131\u011f\u0131 a\u00e7\u0131klamada \u015fu ifadeleri kulland\u0131: &#8220;Sa\u011fl\u0131kta kalite ve g\u00fcvenlik bizim i\u00e7in vazge\u00e7ilmez \u00f6nceliklerdir. TEMOS gibi sayg\u0131n bir kurumun yeniden de\u011ferlendirmesinden ba\u015far\u0131yla ge\u00e7mek, bu anlay\u0131\u015f\u0131n bir sonucudur. Kaliteyi tek bir departman\u0131n de\u011fil, t\u00fcm ekibimizin ortak sorumlulu\u011fu olarak g\u00f6r\u00fcyoruz. Bu ba\u015far\u0131da eme\u011fi ge\u00e7en t\u00fcm arkada\u015flar\u0131ma te\u015fekk\u00fcr ediyorum. Hastalar\u0131m\u0131za en iyi hizmeti sunmak i\u00e7in ayn\u0131 kararl\u0131l\u0131kla \u00e7al\u0131\u015fmaya devam edece\u011fiz.&#8221;<br \/>\n<br \/>Hasta ve \u00e7al\u0131\u015fan g\u00fcvenli\u011fi konusunda yaln\u0131zca ulusal de\u011fil, uluslararas\u0131 d\u00fczeyde de \u00f6rnek g\u00f6sterilen uygulamalar\u0131 hayata ge\u00e7iren Medical Point Hastanesi, yeni d\u00f6nem i\u00e7in de kalite odakl\u0131 projelerini s\u00fcrd\u00fcrmeyi hedefliyor.<br \/><\/p>\n","protected":false},"excerpt":{"rendered":"<p>\u0130zmir Medical Point Hastanesi, hasta ve \u00e7al\u0131\u015fan g\u00fcvenli\u011fini esas alan sa\u011fl\u0131k hizmetleriyle uluslararas\u0131 alanda bir ba\u015far\u0131ya daha imza att\u0131. Almanya merkezli ba\u011f\u0131ms\u0131z akreditasyon kurulu\u015fu TEMOS taraf\u0131ndan ge\u00e7ti\u011fimiz y\u0131l yap\u0131lan denetimlerle akredite edilen hastane, bu y\u0131l ger\u00e7ekle\u015ftirilen yeniden de\u011ferlendirme s\u00fcrecinden de ba\u015far\u0131yla ge\u00e7ti. Sa\u011fl\u0131k sekt\u00f6r\u00fcnde kalite standartlar\u0131n\u0131 belirleyen \u00f6nemli otoritelerden biri olan TEMOS\u2019un ikinci kez onaylad\u0131\u011f\u0131&#8230;<\/p>\n","protected":false},"author":1,"featured_media":29152,"comment_status":"open","ping_status":"open","sticky":false,"template":"","format":"standard","meta":{"_crdt_document":"","footnotes":""},"categories":[2],"tags":[],"class_list":["post-29151","post","type-post","status-publish","format-standard","has-post-thumbnail","hentry","category-saglik"],"_links":{"self":[{"href":"https:\/\/www.egemtv.com\/index.php?rest_route=\/wp\/v2\/posts\/29151","targetHints":{"allow":["GET"]}}],"collection":[{"href":"https:\/\/www.egemtv.com\/index.php?rest_route=\/wp\/v2\/posts"}],"about":[{"href":"https:\/\/www.egemtv.com\/index.php?rest_route=\/wp\/v2\/types\/post"}],"author":[{"embeddable":true,"href":"https:\/\/www.egemtv.com\/index.php?rest_route=\/wp\/v2\/users\/1"}],"replies":[{"embeddable":true,"href":"https:\/\/www.egemtv.com\/index.php?rest_route=%2Fwp%2Fv2%2Fcomments&post=29151"}],"version-history":[{"count":1,"href":"https:\/\/www.egemtv.com\/index.php?rest_route=\/wp\/v2\/posts\/29151\/revisions"}],"predecessor-version":[{"id":29153,"href":"https:\/\/www.egemtv.com\/index.php?rest_route=\/wp\/v2\/posts\/29151\/revisions\/29153"}],"wp:featuredmedia":[{"embeddable":true,"href":"https:\/\/www.egemtv.com\/index.php?rest_route=\/wp\/v2\/media\/29152"}],"wp:attachment":[{"href":"https:\/\/www.egemtv.com\/index.php?rest_route=%2Fwp%2Fv2%2Fmedia&parent=29151"}],"wp:term":[{"taxonomy":"category","embeddable":true,"href":"https:\/\/www.egemtv.com\/index.php?rest_route=%2Fwp%2Fv2%2Fcategories&post=29151"},{"taxonomy":"post_tag","embeddable":true,"href":"https:\/\/www.egemtv.com\/index.php?rest_route=%2Fwp%2Fv2%2Ftags&post=29151"}],"curies":[{"name":"wp","href":"https:\/\/api.w.org\/{rel}","templated":true}]}}