{"id":29148,"date":"2025-05-16T11:17:50","date_gmt":"2025-05-16T08:17:50","guid":{"rendered":"https:\/\/www.egemtv.com\/?p=29148"},"modified":"2025-05-16T11:17:55","modified_gmt":"2025-05-16T08:17:55","slug":"sultaniye-uzumden-eksi-maya-urettiler","status":"publish","type":"post","link":"https:\/\/www.egemtv.com\/?p=29148","title":{"rendered":"Sultaniye \u00fcz\u00fcmden ek\u015fi maya \u00fcrettiler"},"content":{"rendered":"<p>Ala\u015fehir \u015eehit Evren Kara Mesleki ve Teknik Anadolu Lisesinde T\u00dcB\u0130TAK 4006 Bilim Fuar\u0131 a\u00e7\u0131ld\u0131. \u00d6\u011frencilerin teknolojik projeleri izleyenleri b\u00fcy\u00fcledi. \u00d6zellikle b\u00f6lgenin en b\u00fcy\u00fck gelir kayna\u011f\u0131 olan d\u00fcnyaca \u00fcnl\u00fc \u00c7ekirdeksiz Sultaniye \u00dcz\u00fcm\u00fc ile ilgili \u00fcretilen projeler ziyaret\u00e7iler taraf\u0131ndan b\u00fcy\u00fck ilgi g\u00f6rd\u00fc.<br \/>\n<br \/>Ala\u015fehir \u015eehit Evren Kara Mesleki ve Teknik Anadolu Lisesinde d\u00fczenlenen T\u00dcB\u0130TAK 4006 Bilim Fuar\u0131nda 16 alt proje sergilendi. Projelerde 12 dan\u0131\u015fman \u00f6\u011fretmen 38 \u00f6\u011frenci g\u00f6rev ald\u0131. 2 g\u00fcn a\u00e7\u0131k kalan bilim fuar\u0131na \u00e7ok say\u0131da ziyaret\u00e7i kat\u0131ld\u0131. Okulda ilk kez d\u00fczenlenen 4006 T\u00dcB\u0130TAK bilim fuar\u0131nda sergilenen projeler ziyaret\u00e7iler taraf\u0131ndan yo\u011fun ilgi g\u00f6rd\u00fc.<br \/>\n<br \/>\u00d6\u011frencilerin haz\u0131rlad\u0131\u011f\u0131 projeler hem bilimsel i\u00e7erikleri hem de hayal g\u00fc\u00e7lerini zorlayan yakla\u015f\u0131mlar\u0131yla dikkat \u00e7ekti. Etkinlik boyunca ziyaret\u00e7ilere projelerle ilgili sunumlar yap\u0131ld\u0131, deneyler g\u00f6sterildi ve projelerin \u00e7al\u0131\u015fma prensipleri anlat\u0131ld\u0131. \u00d6\u011frencilerin \u00f6zg\u00fcvenli sunumlar\u0131 ve konulara hakimiyetleri b\u00fcy\u00fck be\u011feni toplad\u0131. Okul y\u00f6netimi, bu t\u00fcr etkinliklerin \u00f6\u011frencilerin bilimsel d\u00fc\u015f\u00fcnme becerilerini geli\u015ftirmesi a\u00e7\u0131s\u0131ndan \u00f6nemli oldu\u011funu vurgulayarak, T\u00dcB\u0130TAK 4006 Bilim Fuar\u0131\u2019n\u0131n \u00f6n\u00fcm\u00fczdeki y\u0131llarda da d\u00fczenlenmesi i\u00e7in \u00e7al\u0131\u015fmalar\u0131n devam edece\u011fini belirtti.<\/p>\n<p>Sultaniye \u00fcz\u00fcm mayas\u0131 \u00fcretildi<br \/>\n<br \/>\u00d6\u011frenciler, \u00c7ekirdeksiz Sultaniye \u00fcz\u00fcm, un ve su kar\u0131\u015f\u0131m\u0131ndan maya elde edildi. Elde edilen maya ile ekmek \u00fcretilirken, \u00fcz\u00fcm mayas\u0131n\u0131n co\u011frafi i\u015faretinin al\u0131nmas\u0131 i\u00e7in \u00e7al\u0131\u015fmalar ba\u015flat\u0131ld\u0131.<\/p>\n<p>Kartalkaya Otel yang\u0131n\u0131ndan etkilenip proje \u00fcrettiler<br \/>\n<br \/>Ge\u00e7ti\u011fimiz aylarda ya\u015fanan Kartalkaya Otel yang\u0131n\u0131nda, yang\u0131n\u0131n mutfak t\u00fcp\u00fcnden \u00e7\u0131kmas\u0131ndan etkilenen \u00f6\u011frenciler, Ala\u015fehir\u2019e do\u011fal gaz\u0131n gelmesi ile ya\u015fanabilecek yang\u0131nlara, evde ocakta yemek unutan kad\u0131nlar i\u00e7in otomatik gaz kapatma ayar\u0131 olan Ak\u0131ll\u0131 G\u00fcvenli Ocak Sistemi yapt\u0131. Sistemde, unutulup, a\u00e7\u0131k kalan gaz sistemleri otomatik olarak kapan\u0131yor.<\/p>\n<p>Servis minib\u00fcsleri i\u00e7in proje \u00fcrettiler<br \/>\n<br \/>\u00d6\u011frencilerin tasarlad\u0131\u011f\u0131 bir ba\u015fka projenin esin kayna\u011f\u0131 ise ge\u00e7ti\u011fimiz y\u0131llarda bir anaokulu servisinde unutulan \u00f6\u011frencinin servis arac\u0131nda havas\u0131zl\u0131ktan hayat\u0131n\u0131 kaybetmesi oldu. Minib\u00fcse kurulan dijital sistemle, minib\u00fcse binen \u00f6\u011frenci, minib\u00fcsten inen \u00f6\u011frenci s\u00fcr\u00fcc\u00fcye uyar\u0131da bulunarak, minib\u00fcste \u00f6\u011frenci unutulmas\u0131n\u0131n \u00f6n\u00fcne ge\u00e7ecek.<\/p>\n<p>G\u00fcne\u015f takip sistemi \u00fcretildi<br \/>\n<br \/>\u00d6\u011frenciler, G\u00fcne\u015ften daha fazla yararlanabilmek i\u00e7in hareketli g\u00fcne\u015f takip sistemi kurdu. Sabit panelde g\u00fcn i\u00e7erisinde y\u00fczde 30 civar\u0131nda g\u00fcne\u015ften yararlan\u0131labilirken, hareketli panel sistemiyle g\u00fcn boyu g\u00fcne\u015ften yararlan\u0131labiliyor.<\/p>\n<p>Otomatik balkon kapatma sistemi kurdular<br \/>\n<br \/>Proje \u00e7al\u0131\u015fmalar\u0131na kat\u0131lan \u00f6\u011frenciler, b\u00f6lgesel olarak yaz aylar\u0131nda \u00f6zellikle sultaniye \u00fcz\u00fcm sergilerinde ya\u015fanan ya\u011fmur nedeniyle \u0131slanmay\u0131 \u00f6nleyebilmek i\u00e7in otomatik panjur sistemi kurdu. Ya\u011fmur damlas\u0131yla \u0131slanan panjur an\u0131nda kapan\u0131yor, ya\u011fmur kesildi\u011fi zaman panjur otomatik olarak tekrar a\u00e7\u0131l\u0131yor.<\/p>\n<p>I\u015f\u0131kl\u0131 anahtar patenti i\u00e7in ba\u015fvuruda bulundular<br \/>\n<br \/>Gece elektriklerin kesilmesi, karanl\u0131kta kap\u0131lar\u0131n kilitlerini kolayca a\u00e7\u0131labilmesi i\u00e7in \u0131\u015f\u0131kl\u0131 anahtar \u00fcreten \u00f6\u011frenciler, anahtardaki \u0131\u015f\u0131k sayesinde kilitlerin kolayl\u0131kla g\u00f6r\u00fcld\u00fc\u011f\u00fc ve kap\u0131 a\u00e7malar\u0131n daha da kolayla\u015ft\u0131\u011f\u0131n\u0131 anlatt\u0131. \u00d6zellikle elektriklerin kesilmesi gibi durumlarda anahtarda bulunan \u0131\u015f\u0131k sayesinde kap\u0131 kildi kolayca g\u00f6r\u00fcl\u00fcp, a\u00e7\u0131labiliyor.<br \/>\n<br \/>Okul M\u00fcd\u00fcr\u00fc Hakan \u00d6zkan, &#8220;Ala\u015fehir \u015eehit Evran Kara Mesleki ve Teknik Anadolu Lisesi 4006 Bilim Fuar\u0131 projesinde 16 projemiz sergilendi. Bu projelerde 38 \u00f6\u011frenci g\u00f6rev ald\u0131 12 dan\u0131\u015fman \u00f6\u011fretmenimiz rehberlik etti. Projelerimizde \u00e7a\u011f\u0131m\u0131z\u0131n teknolojik geli\u015fmeler kar\u015f\u0131s\u0131nda do\u011fan ihtiya\u00e7lara kar\u015f\u0131n teknolojik \u00fcr\u00fcnler \u00fcretildi. Son d\u00f6nemlerde \u00e7\u0131kan yang\u0131nlardan dolay\u0131, \u00f6\u011frencilerimiz bunu dikkate alarak, yang\u0131n\u0131 \u00f6nleme, bunlarla ilgili tedbirler alma, gerekti\u011finde acil m\u00fcdahale etme noktas\u0131nda \u00f6nemli projelere imza att\u0131. \u00d6zellikle servis ara\u00e7lar\u0131nda \u00f6\u011frencilerin unutulmas\u0131 ve bunun sonucunda gelen vefat haberleri \u00fczerine minib\u00fcslere yerle\u015ftirilen sens\u00f6rlerle \u00f6\u011frencilerin ara\u00e7tan ayr\u0131ld\u0131\u011f\u0131n\u0131 g\u00f6steren proje g\u00fcn\u00fcm\u00fcz\u00fcn ihtiya\u00e7lar\u0131ndan biridir. Ala\u015fehir\u2019in Sultaniye \u00fcz\u00fcm noktas\u0131nda hem k\u00fclt\u00fcr\u00fcne hem de turizm a\u00e7\u0131s\u0131ndan k\u0131ymetli bir veri olmas\u0131n\u0131 de\u011ferlendirdik. Bu a\u00e7\u0131dan \u00fcz\u00fcm\u00fc ek\u015fi maya ekmeklerde kullanmak i\u00e7in ara\u015ft\u0131rmalar\u0131m\u0131z\u0131 yapt\u0131k. Ala\u015fehir Sultaniye \u00fcz\u00fcmlerinden ek\u015fi mayal\u0131 ekme\u011fimizi olu\u015fturduk. Yaz\u0131n \u00f6zellikle kuruma esnas\u0131nda \u00fcz\u00fcmler b\u00fcy\u00fck hasar ald\u0131. Ya\u011fmur ya\u011fd\u0131\u011f\u0131 andan itibaren \u00fcz\u00fcmlerin \u00fczerinin \u00f6rt\u00fclece\u011fi bir sistem geli\u015ftirildi. Tar\u0131msal sulamada g\u00fcne\u015f enerjisinden daha fazla yararlanabilmek i\u00e7in g\u00fcne\u015f do\u011fdu\u011fu andan bat\u0131ncaya kadar g\u00fcne\u015f takip panel sistemi yap\u0131ld\u0131. Bununla ilgili patent \u00e7al\u0131\u015fmalar\u0131m\u0131za ba\u015flad\u0131k. Sultaniye \u00fcz\u00fcm ek\u015fi maya \u00e7al\u0131\u015fmas\u0131yla ilgili T\u00dcB\u0130TAK projemizi onaylad\u0131. Mayayla ilgili co\u011frafi i\u015faret almak i\u00e7in TAR\u0130\u015e Ba\u015fkanl\u0131\u011f\u0131m\u0131zla birlikte m\u00fcracaat edip bunu da en k\u0131sa zamanda alaca\u011f\u0131z. \u00d6\u011frencilerimizin bir ba\u015fka projesi de ayd\u0131nlatmal\u0131 anahtar geli\u015ftirdiler. Bu da \u00e7ok dikkat \u00e7eken bir projeydi ve bununla ilgili patent ba\u015fvurusunda bulunduk. Engelli, \u00f6zellikle g\u00f6rme engelli bireyler i\u00e7in sokaklarda rahat y\u00fcr\u00fcyebilmeleri i\u00e7in g\u00f6zl\u00fck projesi \u00fcrettik. \u00c7ok rahat edecekler. Ak\u0131ll\u0131 bileklikler engelli bireylerin hayat\u0131n\u0131 \u00e7ok fazla kolayla\u015ft\u0131racakt\u0131r.&#8221; diyerek \u00f6\u011frencilerini ve rehber \u00f6\u011fretmenlerini kutlad\u0131.<br \/><\/p>\n","protected":false},"excerpt":{"rendered":"<p>Ala\u015fehir \u015eehit Evren Kara Mesleki ve Teknik Anadolu Lisesinde T\u00dcB\u0130TAK 4006 Bilim Fuar\u0131 a\u00e7\u0131ld\u0131. \u00d6\u011frencilerin teknolojik projeleri izleyenleri b\u00fcy\u00fcledi. \u00d6zellikle b\u00f6lgenin en b\u00fcy\u00fck gelir kayna\u011f\u0131 olan d\u00fcnyaca \u00fcnl\u00fc \u00c7ekirdeksiz Sultaniye \u00dcz\u00fcm\u00fc ile ilgili \u00fcretilen projeler ziyaret\u00e7iler taraf\u0131ndan b\u00fcy\u00fck ilgi g\u00f6rd\u00fc. Ala\u015fehir \u015eehit Evren Kara Mesleki ve Teknik Anadolu Lisesinde d\u00fczenlenen T\u00dcB\u0130TAK 4006 Bilim Fuar\u0131nda 16&#8230;<\/p>\n","protected":false},"author":1,"featured_media":29149,"comment_status":"open","ping_status":"open","sticky":false,"template":"","format":"standard","meta":{"_crdt_document":"","footnotes":""},"categories":[124],"tags":[],"class_list":["post-29148","post","type-post","status-publish","format-standard","has-post-thumbnail","hentry","category-bilim"],"_links":{"self":[{"href":"https:\/\/www.egemtv.com\/index.php?rest_route=\/wp\/v2\/posts\/29148","targetHints":{"allow":["GET"]}}],"collection":[{"href":"https:\/\/www.egemtv.com\/index.php?rest_route=\/wp\/v2\/posts"}],"about":[{"href":"https:\/\/www.egemtv.com\/index.php?rest_route=\/wp\/v2\/types\/post"}],"author":[{"embeddable":true,"href":"https:\/\/www.egemtv.com\/index.php?rest_route=\/wp\/v2\/users\/1"}],"replies":[{"embeddable":true,"href":"https:\/\/www.egemtv.com\/index.php?rest_route=%2Fwp%2Fv2%2Fcomments&post=29148"}],"version-history":[{"count":1,"href":"https:\/\/www.egemtv.com\/index.php?rest_route=\/wp\/v2\/posts\/29148\/revisions"}],"predecessor-version":[{"id":29150,"href":"https:\/\/www.egemtv.com\/index.php?rest_route=\/wp\/v2\/posts\/29148\/revisions\/29150"}],"wp:featuredmedia":[{"embeddable":true,"href":"https:\/\/www.egemtv.com\/index.php?rest_route=\/wp\/v2\/media\/29149"}],"wp:attachment":[{"href":"https:\/\/www.egemtv.com\/index.php?rest_route=%2Fwp%2Fv2%2Fmedia&parent=29148"}],"wp:term":[{"taxonomy":"category","embeddable":true,"href":"https:\/\/www.egemtv.com\/index.php?rest_route=%2Fwp%2Fv2%2Fcategories&post=29148"},{"taxonomy":"post_tag","embeddable":true,"href":"https:\/\/www.egemtv.com\/index.php?rest_route=%2Fwp%2Fv2%2Ftags&post=29148"}],"curies":[{"name":"wp","href":"https:\/\/api.w.org\/{rel}","templated":true}]}}