{"id":29145,"date":"2025-05-16T11:17:45","date_gmt":"2025-05-16T08:17:45","guid":{"rendered":"https:\/\/www.egemtv.com\/?p=29145"},"modified":"2025-05-16T11:17:50","modified_gmt":"2025-05-16T08:17:50","slug":"baskan-saygilidan-ihaya-yapilan-saldiriya-sessiz-kalan-chpye-tepki","status":"publish","type":"post","link":"https:\/\/www.egemtv.com\/?p=29145","title":{"rendered":"Ba\u015fkan Sayg\u0131l\u0131\u2019dan, \u0130HA\u2019ya yap\u0131lan sald\u0131r\u0131ya sessiz kalan CHP\u2019ye tepki"},"content":{"rendered":"<p>CHP\u2019nin 19 May\u0131s mitingi i\u00e7in G\u00fcndo\u011fdu Meydan\u0131\u2019nda yap\u0131lan haz\u0131rl\u0131k s\u0131ras\u0131nda, vincin devrilmesi sonucu ya\u015fanan kazay\u0131 takip etmek \u00fczere olay yerine giden \u0130HA \u00e7al\u0131\u015fanlar\u0131na y\u00f6nelik fiziki sald\u0131r\u0131ya tepkiler s\u00fcr\u00fcyor. CHP \u0130zmir \u0130l Ba\u015fkanl\u0131\u011f\u0131\u2019n\u0131n kazaya ve darp olay\u0131na sessiz kalmas\u0131n\u0131 ele\u015ftiren AK Pati \u0130zmir \u0130l Ba\u015fkan\u0131 Bilal Sayg\u0131l\u0131, &#8220;CHP \u0130zmir \u0130l Ba\u015fkanl\u0131\u011f\u0131 derin bir sessizlikte. Ne bir sorumluluk, ne bas\u0131na y\u00f6nelik sald\u0131r\u0131ya dair bir a\u00e7\u0131klama, ne bir \u00f6z\u00fcr&#8221; s\u00f6zleriyle tepki g\u00f6sterdi.<br \/>\n<br \/>AK Parti \u0130zmir \u0130l Ba\u015fkan\u0131 Bilal Sayg\u0131l\u0131, &#8220;Alsancak G\u00fcndo\u011fdu Meydan\u0131\u2019nda CHP\u2019nin mitingi i\u00e7in kurulan sahnede vin\u00e7 devriliyor, bir vatanda\u015f yaralan\u0131yor.<br \/>\n<br \/>Olay\u0131 takip etmek isteyen gazeteciler ise vin\u00e7le de\u011fil, sistemli bir \u015fiddetle kar\u015f\u0131la\u015f\u0131yor. Ve sonra? Ne kazaya dair bir sorumluluk, ne bas\u0131na y\u00f6nelik sald\u0131r\u0131ya dair bir a\u00e7\u0131klama, ne bir \u00f6z\u00fcr. &#8220;Bas\u0131n \u00f6zg\u00fcrl\u00fc\u011f\u00fc&#8221;n\u00fc dillerinden d\u00fc\u015f\u00fcrmezler. Demek ki o \u00f6zg\u00fcrl\u00fck, sadece kendi sesiniz \u00e7\u0131k\u0131nca ge\u00e7erli. \u00c7ifte standard\u0131n, sorumsuzlu\u011fun ve suskunlu\u011fun foto\u011fraf\u0131 budur. \u0130zmir kamuoyunun vicdan\u0131na sunuyoruz. G\u00f6revi ba\u015f\u0131nda darba maruz kalan ve yaralanan Muhabir Ali \u0130hsan \u00c7ift\u00e7i ve Kameraman Abdurrahman Derici\u2019ye tekrardan ge\u00e7mi\u015f olsun dileklerimi iletiyorum&#8221; dedi.<br \/><\/p>\n","protected":false},"excerpt":{"rendered":"<p>CHP\u2019nin 19 May\u0131s mitingi i\u00e7in G\u00fcndo\u011fdu Meydan\u0131\u2019nda yap\u0131lan haz\u0131rl\u0131k s\u0131ras\u0131nda, vincin devrilmesi sonucu ya\u015fanan kazay\u0131 takip etmek \u00fczere olay yerine giden \u0130HA \u00e7al\u0131\u015fanlar\u0131na y\u00f6nelik fiziki sald\u0131r\u0131ya tepkiler s\u00fcr\u00fcyor. CHP \u0130zmir \u0130l Ba\u015fkanl\u0131\u011f\u0131\u2019n\u0131n kazaya ve darp olay\u0131na sessiz kalmas\u0131n\u0131 ele\u015ftiren AK Pati \u0130zmir \u0130l Ba\u015fkan\u0131 Bilal Sayg\u0131l\u0131, &#8220;CHP \u0130zmir \u0130l Ba\u015fkanl\u0131\u011f\u0131 derin bir sessizlikte. Ne bir&#8230;<\/p>\n","protected":false},"author":1,"featured_media":29146,"comment_status":"open","ping_status":"open","sticky":false,"template":"","format":"standard","meta":{"_crdt_document":"","footnotes":""},"categories":[127],"tags":[],"class_list":["post-29145","post","type-post","status-publish","format-standard","has-post-thumbnail","hentry","category-siyaset"],"_links":{"self":[{"href":"https:\/\/www.egemtv.com\/index.php?rest_route=\/wp\/v2\/posts\/29145","targetHints":{"allow":["GET"]}}],"collection":[{"href":"https:\/\/www.egemtv.com\/index.php?rest_route=\/wp\/v2\/posts"}],"about":[{"href":"https:\/\/www.egemtv.com\/index.php?rest_route=\/wp\/v2\/types\/post"}],"author":[{"embeddable":true,"href":"https:\/\/www.egemtv.com\/index.php?rest_route=\/wp\/v2\/users\/1"}],"replies":[{"embeddable":true,"href":"https:\/\/www.egemtv.com\/index.php?rest_route=%2Fwp%2Fv2%2Fcomments&post=29145"}],"version-history":[{"count":1,"href":"https:\/\/www.egemtv.com\/index.php?rest_route=\/wp\/v2\/posts\/29145\/revisions"}],"predecessor-version":[{"id":29147,"href":"https:\/\/www.egemtv.com\/index.php?rest_route=\/wp\/v2\/posts\/29145\/revisions\/29147"}],"wp:featuredmedia":[{"embeddable":true,"href":"https:\/\/www.egemtv.com\/index.php?rest_route=\/wp\/v2\/media\/29146"}],"wp:attachment":[{"href":"https:\/\/www.egemtv.com\/index.php?rest_route=%2Fwp%2Fv2%2Fmedia&parent=29145"}],"wp:term":[{"taxonomy":"category","embeddable":true,"href":"https:\/\/www.egemtv.com\/index.php?rest_route=%2Fwp%2Fv2%2Fcategories&post=29145"},{"taxonomy":"post_tag","embeddable":true,"href":"https:\/\/www.egemtv.com\/index.php?rest_route=%2Fwp%2Fv2%2Ftags&post=29145"}],"curies":[{"name":"wp","href":"https:\/\/api.w.org\/{rel}","templated":true}]}}