{"id":29142,"date":"2025-05-16T11:17:43","date_gmt":"2025-05-16T08:17:43","guid":{"rendered":"https:\/\/www.egemtv.com\/?p=29142"},"modified":"2025-05-16T11:17:45","modified_gmt":"2025-05-16T08:17:45","slug":"ispartada-25-saatte-246-sahis-ile-131-arac-surucusu-kontrol-edildi","status":"publish","type":"post","link":"https:\/\/www.egemtv.com\/?p=29142","title":{"rendered":"Isparta\u2019da 2,5 saatte 246 \u015fah\u0131s ile 131 ara\u00e7 s\u00fcr\u00fcc\u00fcs\u00fc kontrol edildi"},"content":{"rendered":"<p>Isparta\u2019da ger\u00e7ekle\u015ftirilen 2,5 saatlik asayi\u015f ve trafik denetimlerinde 246 \u015fah\u0131s ile 131 ara\u00e7 ve s\u00fcr\u00fcc\u00fcs\u00fc kontrol edildi, 7 s\u00fcr\u00fcc\u00fcye idari para cezas\u0131 uyguland\u0131.<br \/>\n<br \/>Isparta \u0130l Emniyet M\u00fcd\u00fcrl\u00fc\u011f\u00fc ekipleri, halk\u0131n huzur ve g\u00fcvenli\u011fini sa\u011flamak amac\u0131yla 21.00-23.30 saatleri aras\u0131nda \u00e7er\u00e7eveli bir asayi\u015f ve trafik denetimi ger\u00e7ekle\u015ftirdi. Denetimlerde 246 \u015fah\u0131s ile 131 ara\u00e7 ve s\u00fcr\u00fcc\u00fcs\u00fc kontrol edilirken, kusurlu bulunan 7 s\u00fcr\u00fcc\u00fcye idari para cezas\u0131 uyguland\u0131.<br \/><\/p>\n","protected":false},"excerpt":{"rendered":"<p>Isparta\u2019da ger\u00e7ekle\u015ftirilen 2,5 saatlik asayi\u015f ve trafik denetimlerinde 246 \u015fah\u0131s ile 131 ara\u00e7 ve s\u00fcr\u00fcc\u00fcs\u00fc kontrol edildi, 7 s\u00fcr\u00fcc\u00fcye idari para cezas\u0131 uyguland\u0131. Isparta \u0130l Emniyet M\u00fcd\u00fcrl\u00fc\u011f\u00fc ekipleri, halk\u0131n huzur ve g\u00fcvenli\u011fini sa\u011flamak amac\u0131yla 21.00-23.30 saatleri aras\u0131nda \u00e7er\u00e7eveli bir asayi\u015f ve trafik denetimi ger\u00e7ekle\u015ftirdi. Denetimlerde 246 \u015fah\u0131s ile 131 ara\u00e7 ve s\u00fcr\u00fcc\u00fcs\u00fc kontrol edilirken, kusurlu&#8230;<\/p>\n","protected":false},"author":1,"featured_media":29143,"comment_status":"open","ping_status":"open","sticky":false,"template":"","format":"standard","meta":{"_crdt_document":"","footnotes":""},"categories":[5],"tags":[],"class_list":["post-29142","post","type-post","status-publish","format-standard","has-post-thumbnail","hentry","category-asayis"],"_links":{"self":[{"href":"https:\/\/www.egemtv.com\/index.php?rest_route=\/wp\/v2\/posts\/29142","targetHints":{"allow":["GET"]}}],"collection":[{"href":"https:\/\/www.egemtv.com\/index.php?rest_route=\/wp\/v2\/posts"}],"about":[{"href":"https:\/\/www.egemtv.com\/index.php?rest_route=\/wp\/v2\/types\/post"}],"author":[{"embeddable":true,"href":"https:\/\/www.egemtv.com\/index.php?rest_route=\/wp\/v2\/users\/1"}],"replies":[{"embeddable":true,"href":"https:\/\/www.egemtv.com\/index.php?rest_route=%2Fwp%2Fv2%2Fcomments&post=29142"}],"version-history":[{"count":1,"href":"https:\/\/www.egemtv.com\/index.php?rest_route=\/wp\/v2\/posts\/29142\/revisions"}],"predecessor-version":[{"id":29144,"href":"https:\/\/www.egemtv.com\/index.php?rest_route=\/wp\/v2\/posts\/29142\/revisions\/29144"}],"wp:featuredmedia":[{"embeddable":true,"href":"https:\/\/www.egemtv.com\/index.php?rest_route=\/wp\/v2\/media\/29143"}],"wp:attachment":[{"href":"https:\/\/www.egemtv.com\/index.php?rest_route=%2Fwp%2Fv2%2Fmedia&parent=29142"}],"wp:term":[{"taxonomy":"category","embeddable":true,"href":"https:\/\/www.egemtv.com\/index.php?rest_route=%2Fwp%2Fv2%2Fcategories&post=29142"},{"taxonomy":"post_tag","embeddable":true,"href":"https:\/\/www.egemtv.com\/index.php?rest_route=%2Fwp%2Fv2%2Ftags&post=29142"}],"curies":[{"name":"wp","href":"https:\/\/api.w.org\/{rel}","templated":true}]}}