{"id":29139,"date":"2025-05-16T10:57:02","date_gmt":"2025-05-16T07:57:02","guid":{"rendered":"https:\/\/www.egemtv.com\/?p=29139"},"modified":"2025-05-16T10:57:06","modified_gmt":"2025-05-16T07:57:06","slug":"kutahyada-engelli-vatandaslar-icin-temsili-askerlik-uygulamasi","status":"publish","type":"post","link":"https:\/\/www.egemtv.com\/?p=29139","title":{"rendered":"K\u00fctahya\u2019da engelli vatanda\u015flar i\u00e7in \u2019temsili askerlik\u2019 uygulamas\u0131"},"content":{"rendered":"<p>K\u00fctahya Hava Er E\u011fitim Tugay ve Garnizon Komutanl\u0131\u011f\u0131, anlaml\u0131 bir etkinli\u011fe ev sahipli\u011fi yapt\u0131. Jandarma birliklerine m\u00fcracaat ederek temsili askerlik uygulamas\u0131na &#8220;jandarma&#8221; olarak kat\u0131lmak isteyen 9 engelli vatanda\u015f i\u00e7in \u00f6zel bir t\u00f6ren d\u00fczenlendi.<br \/>\n<br \/>Programa, K\u00fctahya il protokol\u00fc, Tugay Komutanl\u0131\u011f\u0131 personeli, \u0130l Jandarma Komutanl\u0131\u011f\u0131 personeli ve engelli bireylerin aileleri kat\u0131ld\u0131. Ger\u00e7ekle\u015ftirilen t\u00f6ren kapsam\u0131nda, engelli vatanda\u015flara temsili askerlik g\u00f6revlerinin tamamland\u0131\u011f\u0131n\u0131 g\u00f6steren terhis belgeleri ile birlikte \u00e7e\u015fitli hediyeler takdim edildi.<br \/>\n<br \/>Etkinlikte, hem aileler hem de kat\u0131l\u0131mc\u0131lar b\u00fcy\u00fck bir gurur ve mutluluk ya\u015farken, temsili askerlik uygulamas\u0131n\u0131n engelli bireylerin askerlik hayalini ger\u00e7ekle\u015ftirmeleri a\u00e7\u0131s\u0131ndan \u00f6nemli bir f\u0131rsat sundu\u011fu vurguland\u0131.<br \/><\/p>\n","protected":false},"excerpt":{"rendered":"<p>K\u00fctahya Hava Er E\u011fitim Tugay ve Garnizon Komutanl\u0131\u011f\u0131, anlaml\u0131 bir etkinli\u011fe ev sahipli\u011fi yapt\u0131. Jandarma birliklerine m\u00fcracaat ederek temsili askerlik uygulamas\u0131na &#8220;jandarma&#8221; olarak kat\u0131lmak isteyen 9 engelli vatanda\u015f i\u00e7in \u00f6zel bir t\u00f6ren d\u00fczenlendi. Programa, K\u00fctahya il protokol\u00fc, Tugay Komutanl\u0131\u011f\u0131 personeli, \u0130l Jandarma Komutanl\u0131\u011f\u0131 personeli ve engelli bireylerin aileleri kat\u0131ld\u0131. Ger\u00e7ekle\u015ftirilen t\u00f6ren kapsam\u0131nda, engelli vatanda\u015flara temsili&#8230;<\/p>\n","protected":false},"author":1,"featured_media":29140,"comment_status":"open","ping_status":"open","sticky":false,"template":"","format":"standard","meta":{"_crdt_document":"","footnotes":""},"categories":[123],"tags":[],"class_list":["post-29139","post","type-post","status-publish","format-standard","has-post-thumbnail","hentry","category-gundem"],"_links":{"self":[{"href":"https:\/\/www.egemtv.com\/index.php?rest_route=\/wp\/v2\/posts\/29139","targetHints":{"allow":["GET"]}}],"collection":[{"href":"https:\/\/www.egemtv.com\/index.php?rest_route=\/wp\/v2\/posts"}],"about":[{"href":"https:\/\/www.egemtv.com\/index.php?rest_route=\/wp\/v2\/types\/post"}],"author":[{"embeddable":true,"href":"https:\/\/www.egemtv.com\/index.php?rest_route=\/wp\/v2\/users\/1"}],"replies":[{"embeddable":true,"href":"https:\/\/www.egemtv.com\/index.php?rest_route=%2Fwp%2Fv2%2Fcomments&post=29139"}],"version-history":[{"count":1,"href":"https:\/\/www.egemtv.com\/index.php?rest_route=\/wp\/v2\/posts\/29139\/revisions"}],"predecessor-version":[{"id":29141,"href":"https:\/\/www.egemtv.com\/index.php?rest_route=\/wp\/v2\/posts\/29139\/revisions\/29141"}],"wp:featuredmedia":[{"embeddable":true,"href":"https:\/\/www.egemtv.com\/index.php?rest_route=\/wp\/v2\/media\/29140"}],"wp:attachment":[{"href":"https:\/\/www.egemtv.com\/index.php?rest_route=%2Fwp%2Fv2%2Fmedia&parent=29139"}],"wp:term":[{"taxonomy":"category","embeddable":true,"href":"https:\/\/www.egemtv.com\/index.php?rest_route=%2Fwp%2Fv2%2Fcategories&post=29139"},{"taxonomy":"post_tag","embeddable":true,"href":"https:\/\/www.egemtv.com\/index.php?rest_route=%2Fwp%2Fv2%2Ftags&post=29139"}],"curies":[{"name":"wp","href":"https:\/\/api.w.org\/{rel}","templated":true}]}}