{"id":29136,"date":"2025-05-16T10:56:57","date_gmt":"2025-05-16T07:56:57","guid":{"rendered":"https:\/\/www.egemtv.com\/?p=29136"},"modified":"2025-05-16T10:57:02","modified_gmt":"2025-05-16T07:57:02","slug":"bozdogan-belediyesinden-yazikentte-bahar-temizligi","status":"publish","type":"post","link":"https:\/\/www.egemtv.com\/?p=29136","title":{"rendered":"Bozdo\u011fan Belediyesi\u2019nden Yaz\u0131kent\u2019te bahar temizli\u011fi"},"content":{"rendered":"<p>Bozdo\u011fan Belediyesi, Yaz\u0131kent Mahallesi\u2019nde kapsaml\u0131 bir temizlik ve \u00e7evre d\u00fczenlemesi seferberli\u011fi ba\u015flatt\u0131. Belediye Ba\u015fkan\u0131 Mustafa Galip \u00d6zel\u2019in talimat\u0131yla sahaya inen temizlik i\u015fleri ve fen i\u015fleri ekipleri, mahalle genelinde hummal\u0131 bir \u00e7al\u0131\u015fma y\u00fcr\u00fctt\u00fc.<br \/>\n<br \/>Mahalle sakinlerinin taleplerine kay\u0131ts\u0131z kalmayan Ba\u015fkan \u00d6zel, ekiplere &#8220;Yaz\u0131kent\u2019e yak\u0131\u015f\u0131r bir \u00e7evre d\u00fczenlemesi&#8221; talimat\u0131 verdi. Temizlik i\u015fleri ekipleri, sokak sokak mahalleyi ba\u015ftan sona tarayarak m\u0131nt\u0131ka temizli\u011fi ger\u00e7ekle\u015ftirdi. Ayn\u0131 anda sahaya \u00e7\u0131kan fen i\u015fleri ekipleri ise ot bi\u00e7me, ila\u00e7lama ve kire\u00e7leme \u00e7al\u0131\u015fmalar\u0131yla \u00e7evreyi hem estetik hem de hijyen a\u00e7\u0131s\u0131ndan yeniledi.<br \/>\n<br \/>Zab\u0131ta ekipleri de bu seferberli\u011fe destek vererek, yol kenarlar\u0131na rastgele b\u0131rak\u0131lan tar\u0131m aletlerini kald\u0131rd\u0131; yollar\u0131n ve kald\u0131r\u0131mlar\u0131n g\u00fcvenli\u011fini ve temizli\u011fini sa\u011flad\u0131. T\u00fcm bu \u00e7al\u0131\u015fmalar sayesinde Yaz\u0131kent Mahallesi temiz bir g\u00f6r\u00fcn\u00fcme kavu\u015ftu.<br \/>\n<br \/>Mahalle halk\u0131, taleplerinin k\u0131sa s\u00fcrede kar\u015f\u0131l\u0131k bulmas\u0131ndan ve yap\u0131lan hizmetlerden b\u00fcy\u00fck memnuniyet duyduklar\u0131n\u0131 dile getirerek, Ba\u015fkan Mustafa Galip \u00d6zel\u2019e te\u015fekk\u00fcr etti.<br \/><\/p>\n","protected":false},"excerpt":{"rendered":"<p>Bozdo\u011fan Belediyesi, Yaz\u0131kent Mahallesi\u2019nde kapsaml\u0131 bir temizlik ve \u00e7evre d\u00fczenlemesi seferberli\u011fi ba\u015flatt\u0131. Belediye Ba\u015fkan\u0131 Mustafa Galip \u00d6zel\u2019in talimat\u0131yla sahaya inen temizlik i\u015fleri ve fen i\u015fleri ekipleri, mahalle genelinde hummal\u0131 bir \u00e7al\u0131\u015fma y\u00fcr\u00fctt\u00fc. Mahalle sakinlerinin taleplerine kay\u0131ts\u0131z kalmayan Ba\u015fkan \u00d6zel, ekiplere &#8220;Yaz\u0131kent\u2019e yak\u0131\u015f\u0131r bir \u00e7evre d\u00fczenlemesi&#8221; talimat\u0131 verdi. Temizlik i\u015fleri ekipleri, sokak sokak mahalleyi ba\u015ftan sona&#8230;<\/p>\n","protected":false},"author":1,"featured_media":29137,"comment_status":"open","ping_status":"open","sticky":false,"template":"","format":"standard","meta":{"_crdt_document":"","footnotes":""},"categories":[1],"tags":[],"class_list":["post-29136","post","type-post","status-publish","format-standard","has-post-thumbnail","hentry","category-guncel"],"_links":{"self":[{"href":"https:\/\/www.egemtv.com\/index.php?rest_route=\/wp\/v2\/posts\/29136","targetHints":{"allow":["GET"]}}],"collection":[{"href":"https:\/\/www.egemtv.com\/index.php?rest_route=\/wp\/v2\/posts"}],"about":[{"href":"https:\/\/www.egemtv.com\/index.php?rest_route=\/wp\/v2\/types\/post"}],"author":[{"embeddable":true,"href":"https:\/\/www.egemtv.com\/index.php?rest_route=\/wp\/v2\/users\/1"}],"replies":[{"embeddable":true,"href":"https:\/\/www.egemtv.com\/index.php?rest_route=%2Fwp%2Fv2%2Fcomments&post=29136"}],"version-history":[{"count":1,"href":"https:\/\/www.egemtv.com\/index.php?rest_route=\/wp\/v2\/posts\/29136\/revisions"}],"predecessor-version":[{"id":29138,"href":"https:\/\/www.egemtv.com\/index.php?rest_route=\/wp\/v2\/posts\/29136\/revisions\/29138"}],"wp:featuredmedia":[{"embeddable":true,"href":"https:\/\/www.egemtv.com\/index.php?rest_route=\/wp\/v2\/media\/29137"}],"wp:attachment":[{"href":"https:\/\/www.egemtv.com\/index.php?rest_route=%2Fwp%2Fv2%2Fmedia&parent=29136"}],"wp:term":[{"taxonomy":"category","embeddable":true,"href":"https:\/\/www.egemtv.com\/index.php?rest_route=%2Fwp%2Fv2%2Fcategories&post=29136"},{"taxonomy":"post_tag","embeddable":true,"href":"https:\/\/www.egemtv.com\/index.php?rest_route=%2Fwp%2Fv2%2Ftags&post=29136"}],"curies":[{"name":"wp","href":"https:\/\/api.w.org\/{rel}","templated":true}]}}