{"id":29133,"date":"2025-05-16T10:56:52","date_gmt":"2025-05-16T07:56:52","guid":{"rendered":"https:\/\/www.egemtv.com\/?p=29133"},"modified":"2025-05-16T10:56:57","modified_gmt":"2025-05-16T07:56:57","slug":"kocarlida-canli-hayvan-nakil-araclari-denetlendi","status":"publish","type":"post","link":"https:\/\/www.egemtv.com\/?p=29133","title":{"rendered":"Ko\u00e7arl\u0131\u2019da canl\u0131 hayvan nakil ara\u00e7lar\u0131 denetlendi"},"content":{"rendered":"<p>Ayd\u0131n\u2019\u0131n Ko\u00e7arl\u0131 il\u00e7esinde il\u00e7e tar\u0131m ekipleri, Kurban Bayram\u0131 nedeni ile artan hayvan hareketlerine y\u00f6nelik jandarma ekipleri ile yol kontrolleri ger\u00e7ekle\u015ftirdi.<\/p>\n<p>Kurban Bayram\u0131\u2019na az bir s\u00fcre kala kurbanl\u0131k hayvanlar\u0131n nakil i\u015flemleri kapsam\u0131nda trafikte hareketlilik de ba\u015flad\u0131. Bu \u00e7er\u00e7evede harekete ge\u00e7en Ko\u00e7arl\u0131 \u0130l\u00e7e Tar\u0131m ve Orman M\u00fcd\u00fcrl\u00fc\u011f\u00fc ekipleri, \u0130l\u00e7e Jandarma Komutanl\u0131\u011f\u0131 ekiplerinin deste\u011fiyle yol kontrol faaliyeti ger\u00e7ekle\u015ftirdi. Hayvan Hastal\u0131klar\u0131 ile M\u00fccadele ve Hayvan Hareketleri Kontrol\u00fc Genelgesi kapsam\u0131nda belgesiz, ka\u00e7ak hayvan ve hayvansal \u00fcr\u00fcn hareketlerini engellemek amac\u0131yla jandarma ile yap\u0131lan ortak yol kontrollerinde kurbanl\u0131k hayvan ta\u015f\u0131yan ara\u00e7lar tek tek incelendi. Canl\u0131 hayvan ta\u015f\u0131yan ara\u00e7lar\u0131n izin belgeleri ve hayvanlar\u0131n kulak k\u00fcpeleri kontrol edildi.<\/p>\n<p>Konu ile ilgili Ko\u00e7arl\u0131 \u0130l\u00e7e Tar\u0131m ve Orman M\u00fcd\u00fcrl\u00fc\u011f\u00fc\u2019nden yap\u0131lan a\u00e7\u0131klamada &#8220;Bakanl\u0131\u011f\u0131m\u0131z\u0131n talimat\u0131 do\u011frultusunda, il\u00e7e m\u00fcd\u00fcrl\u00fc\u011f\u00fcm\u00fcz veteriner hekimleri, jandarma, emniyet birimleri ile birlikte ka\u00e7ak ve belgesiz hayvan nakillerini \u00f6nlemeye y\u00f6nelik yol kontrolleri yapmaktad\u0131r. Kontroller y\u0131l boyu devam etmekte olup, kurban bayram\u0131na kadar g\u00fcnl\u00fck yap\u0131lacakt\u0131r&#8221; ifadeleri yer ald\u0131.<br \/><\/p>\n","protected":false},"excerpt":{"rendered":"<p>Ayd\u0131n\u2019\u0131n Ko\u00e7arl\u0131 il\u00e7esinde il\u00e7e tar\u0131m ekipleri, Kurban Bayram\u0131 nedeni ile artan hayvan hareketlerine y\u00f6nelik jandarma ekipleri ile yol kontrolleri ger\u00e7ekle\u015ftirdi. Kurban Bayram\u0131\u2019na az bir s\u00fcre kala kurbanl\u0131k hayvanlar\u0131n nakil i\u015flemleri kapsam\u0131nda trafikte hareketlilik de ba\u015flad\u0131. Bu \u00e7er\u00e7evede harekete ge\u00e7en Ko\u00e7arl\u0131 \u0130l\u00e7e Tar\u0131m ve Orman M\u00fcd\u00fcrl\u00fc\u011f\u00fc ekipleri, \u0130l\u00e7e Jandarma Komutanl\u0131\u011f\u0131 ekiplerinin deste\u011fiyle yol kontrol faaliyeti ger\u00e7ekle\u015ftirdi&#8230;.<\/p>\n","protected":false},"author":1,"featured_media":29134,"comment_status":"open","ping_status":"open","sticky":false,"template":"","format":"standard","meta":{"_crdt_document":"","footnotes":""},"categories":[1],"tags":[],"class_list":["post-29133","post","type-post","status-publish","format-standard","has-post-thumbnail","hentry","category-guncel"],"_links":{"self":[{"href":"https:\/\/www.egemtv.com\/index.php?rest_route=\/wp\/v2\/posts\/29133","targetHints":{"allow":["GET"]}}],"collection":[{"href":"https:\/\/www.egemtv.com\/index.php?rest_route=\/wp\/v2\/posts"}],"about":[{"href":"https:\/\/www.egemtv.com\/index.php?rest_route=\/wp\/v2\/types\/post"}],"author":[{"embeddable":true,"href":"https:\/\/www.egemtv.com\/index.php?rest_route=\/wp\/v2\/users\/1"}],"replies":[{"embeddable":true,"href":"https:\/\/www.egemtv.com\/index.php?rest_route=%2Fwp%2Fv2%2Fcomments&post=29133"}],"version-history":[{"count":1,"href":"https:\/\/www.egemtv.com\/index.php?rest_route=\/wp\/v2\/posts\/29133\/revisions"}],"predecessor-version":[{"id":29135,"href":"https:\/\/www.egemtv.com\/index.php?rest_route=\/wp\/v2\/posts\/29133\/revisions\/29135"}],"wp:featuredmedia":[{"embeddable":true,"href":"https:\/\/www.egemtv.com\/index.php?rest_route=\/wp\/v2\/media\/29134"}],"wp:attachment":[{"href":"https:\/\/www.egemtv.com\/index.php?rest_route=%2Fwp%2Fv2%2Fmedia&parent=29133"}],"wp:term":[{"taxonomy":"category","embeddable":true,"href":"https:\/\/www.egemtv.com\/index.php?rest_route=%2Fwp%2Fv2%2Fcategories&post=29133"},{"taxonomy":"post_tag","embeddable":true,"href":"https:\/\/www.egemtv.com\/index.php?rest_route=%2Fwp%2Fv2%2Ftags&post=29133"}],"curies":[{"name":"wp","href":"https:\/\/api.w.org\/{rel}","templated":true}]}}