{"id":29130,"date":"2025-05-16T10:36:02","date_gmt":"2025-05-16T07:36:02","guid":{"rendered":"https:\/\/www.egemtv.com\/?p=29130"},"modified":"2025-05-16T10:36:07","modified_gmt":"2025-05-16T07:36:07","slug":"baskan-putun-ankarada-erbakan-ile-gorustu","status":"publish","type":"post","link":"https:\/\/www.egemtv.com\/?p=29130","title":{"rendered":"Ba\u015fkan P\u00fct\u00fcn, Ankara\u2019da Erbakan ile g\u00f6r\u00fc\u015ft\u00fc"},"content":{"rendered":"<p>DEN\u0130ZL\u0130 (\u0130HA) \u2013 Denizli\u2019nin Beya\u011fa\u00e7 Belediye Ba\u015fkan\u0131 Sezayi P\u00fct\u00fcn, Ankara\u2019da ger\u00e7ekle\u015ftirdi\u011fi \u00f6nemli temaslar\u0131 kapsam\u0131nda Yeniden Refah Partisi Genel Ba\u015fkan\u0131 Dr. Fatih Erbakan ile bir araya geldi.<\/p>\n<p>Beya\u011fa\u00e7 Belediye Ba\u015fkan\u0131 Sezayi P\u00fct\u00fcn, il\u00e7e genelinde devam eden ve hayata ge\u00e7irmeyi planlad\u0131klar\u0131 projelerle ilgili olarak Ankara\u2019da \u00f6nemli temaslarda bulundu. Yeniden Refah Partisi (YRP) Beya\u011fa\u00e7 \u0130l\u00e7e Ba\u015fkan\u0131 H\u00fcdayi Durak ile birlikte Ankara\u2019da temaslarda bulunan ba\u015fkan P\u00fct\u00fcn, bu kapsamda Yeniden Refah Partisi Genel Merkezinde, YRP Genel ba\u015fkan\u0131 Dr. Fatih Erbakan ile bir araya geldi. Ba\u015fkan P\u00fct\u00fcn, Genel Ba\u015fkan Erbakan\u2019a Beya\u011fa\u00e7\u2019ta devam eden ve hayata ge\u00e7irmeyi planlad\u0131klar\u0131 yat\u0131r\u0131mlarla ilgili olarak bilgiler aktard\u0131. Genel Ba\u015fkan Erbakan da YRP Belediyecili\u011finin Denizli\u2019deki temsilcisi olan Ba\u015fkan P\u00fct\u00fcn\u2019\u00fc \u00e7al\u0131\u015fmalar\u0131ndan dolay\u0131 tebrik ederek, ba\u015far\u0131lar\u0131n\u0131n devam\u0131n\u0131 diledi.<\/p>\n<p>Beya\u011fa\u00e7 Belediye Ba\u015fkan\u0131 Sezayi P\u00fct\u00fcn, Ankara\u2019daki temaslar\u0131 \u00e7er\u00e7evesinde YRP Genel Ba\u015fkan Yard\u0131mc\u0131lar\u0131 B\u00fclent Osman Osmana\u011fao\u011flu, Mehmet Kaderli ve Mehmet A\u015f\u0131la ile YRP Konya Milletvekili Ali Y\u00fcksel\u2019in yan\u0131 s\u0131ra Denizli Milletvekili \u015eahin Tin\u2019i makamlar\u0131nda ziyaret ederek, g\u00f6r\u00fc\u015f al\u0131\u015fveri\u015flerinde bulundu.<br \/><\/p>\n","protected":false},"excerpt":{"rendered":"<p>DEN\u0130ZL\u0130 (\u0130HA) \u2013 Denizli\u2019nin Beya\u011fa\u00e7 Belediye Ba\u015fkan\u0131 Sezayi P\u00fct\u00fcn, Ankara\u2019da ger\u00e7ekle\u015ftirdi\u011fi \u00f6nemli temaslar\u0131 kapsam\u0131nda Yeniden Refah Partisi Genel Ba\u015fkan\u0131 Dr. Fatih Erbakan ile bir araya geldi. Beya\u011fa\u00e7 Belediye Ba\u015fkan\u0131 Sezayi P\u00fct\u00fcn, il\u00e7e genelinde devam eden ve hayata ge\u00e7irmeyi planlad\u0131klar\u0131 projelerle ilgili olarak Ankara\u2019da \u00f6nemli temaslarda bulundu. Yeniden Refah Partisi (YRP) Beya\u011fa\u00e7 \u0130l\u00e7e Ba\u015fkan\u0131 H\u00fcdayi Durak&#8230;<\/p>\n","protected":false},"author":1,"featured_media":29131,"comment_status":"open","ping_status":"open","sticky":false,"template":"","format":"standard","meta":{"_crdt_document":"","footnotes":""},"categories":[127],"tags":[],"class_list":["post-29130","post","type-post","status-publish","format-standard","has-post-thumbnail","hentry","category-siyaset"],"_links":{"self":[{"href":"https:\/\/www.egemtv.com\/index.php?rest_route=\/wp\/v2\/posts\/29130","targetHints":{"allow":["GET"]}}],"collection":[{"href":"https:\/\/www.egemtv.com\/index.php?rest_route=\/wp\/v2\/posts"}],"about":[{"href":"https:\/\/www.egemtv.com\/index.php?rest_route=\/wp\/v2\/types\/post"}],"author":[{"embeddable":true,"href":"https:\/\/www.egemtv.com\/index.php?rest_route=\/wp\/v2\/users\/1"}],"replies":[{"embeddable":true,"href":"https:\/\/www.egemtv.com\/index.php?rest_route=%2Fwp%2Fv2%2Fcomments&post=29130"}],"version-history":[{"count":1,"href":"https:\/\/www.egemtv.com\/index.php?rest_route=\/wp\/v2\/posts\/29130\/revisions"}],"predecessor-version":[{"id":29132,"href":"https:\/\/www.egemtv.com\/index.php?rest_route=\/wp\/v2\/posts\/29130\/revisions\/29132"}],"wp:featuredmedia":[{"embeddable":true,"href":"https:\/\/www.egemtv.com\/index.php?rest_route=\/wp\/v2\/media\/29131"}],"wp:attachment":[{"href":"https:\/\/www.egemtv.com\/index.php?rest_route=%2Fwp%2Fv2%2Fmedia&parent=29130"}],"wp:term":[{"taxonomy":"category","embeddable":true,"href":"https:\/\/www.egemtv.com\/index.php?rest_route=%2Fwp%2Fv2%2Fcategories&post=29130"},{"taxonomy":"post_tag","embeddable":true,"href":"https:\/\/www.egemtv.com\/index.php?rest_route=%2Fwp%2Fv2%2Ftags&post=29130"}],"curies":[{"name":"wp","href":"https:\/\/api.w.org\/{rel}","templated":true}]}}