{"id":29121,"date":"2025-05-16T10:16:09","date_gmt":"2025-05-16T07:16:09","guid":{"rendered":"https:\/\/www.egemtv.com\/?p=29121"},"modified":"2025-05-16T10:16:14","modified_gmt":"2025-05-16T07:16:14","slug":"karacasu-belediyesi-ekipleri-temizlik-calismalarinda-hiz-kesmiyor","status":"publish","type":"post","link":"https:\/\/www.egemtv.com\/?p=29121","title":{"rendered":"Karacasu Belediyesi ekipleri temizlik \u00e7al\u0131\u015fmalar\u0131nda h\u0131z kesmiyor"},"content":{"rendered":"<p>Karacasu Belediyesi ekipleri, il\u00e7e genelinde ger\u00e7ekle\u015ftirdi\u011fi temizlik ve ot bi\u00e7me \u00e7al\u0131\u015fmalar\u0131na aral\u0131ks\u0131z devam ediyor.<\/p>\n<p>Yaz aylar\u0131n\u0131n yakla\u015fmas\u0131yla birlikte k\u0131rsal ve ye\u015fil alanlarda temizlik faaliyetlerine h\u0131z veren Karacasu Belediyesi, vatanda\u015flar\u0131n daha sa\u011fl\u0131kl\u0131 ve temiz ortamlarda vakit ge\u00e7irebilmesi i\u00e7in \u00e7al\u0131\u015fmalar\u0131n\u0131 s\u00fcrd\u00fcr\u00fcyor. Ekipler, \u00f6zellikle yaz aylar\u0131nda yo\u011fun \u015fekilde kullan\u0131lan b\u00f6lgelerde kapsaml\u0131 bir temizlik ve ot bi\u00e7me \u00e7al\u0131\u015fmas\u0131 ger\u00e7ekle\u015ftirdi.<\/p>\n<p>Karacasu Belediyesi\u2019nden yap\u0131lan a\u00e7\u0131klamada, &#8220;\u0130l\u00e7emiz genelinde ot bi\u00e7me ve temizlik \u00e7al\u0131\u015fmalar\u0131m\u0131z aral\u0131ks\u0131z devam ediyor. Daha temiz, d\u00fczenli ve ya\u015fanabilir bir Karacasu i\u00e7in ekiplerimiz sahada \u00e7al\u0131\u015fmalar\u0131n\u0131 s\u00fcrd\u00fcr\u00fcyor. Halk\u0131m\u0131z\u0131n sa\u011fl\u0131\u011f\u0131 ve \u00e7evre d\u00fczeni i\u00e7in t\u00fcm mahallelerimizde temizlik faaliyetlerimiz titizlikle y\u00fcr\u00fct\u00fclmektedir&#8221; ifadeleri yer ald\u0131.<br \/><\/p>\n","protected":false},"excerpt":{"rendered":"<p>Karacasu Belediyesi ekipleri, il\u00e7e genelinde ger\u00e7ekle\u015ftirdi\u011fi temizlik ve ot bi\u00e7me \u00e7al\u0131\u015fmalar\u0131na aral\u0131ks\u0131z devam ediyor. Yaz aylar\u0131n\u0131n yakla\u015fmas\u0131yla birlikte k\u0131rsal ve ye\u015fil alanlarda temizlik faaliyetlerine h\u0131z veren Karacasu Belediyesi, vatanda\u015flar\u0131n daha sa\u011fl\u0131kl\u0131 ve temiz ortamlarda vakit ge\u00e7irebilmesi i\u00e7in \u00e7al\u0131\u015fmalar\u0131n\u0131 s\u00fcrd\u00fcr\u00fcyor. Ekipler, \u00f6zellikle yaz aylar\u0131nda yo\u011fun \u015fekilde kullan\u0131lan b\u00f6lgelerde kapsaml\u0131 bir temizlik ve ot bi\u00e7me \u00e7al\u0131\u015fmas\u0131 ger\u00e7ekle\u015ftirdi&#8230;.<\/p>\n","protected":false},"author":1,"featured_media":29122,"comment_status":"open","ping_status":"open","sticky":false,"template":"","format":"standard","meta":{"_crdt_document":"","footnotes":""},"categories":[1],"tags":[],"class_list":["post-29121","post","type-post","status-publish","format-standard","has-post-thumbnail","hentry","category-guncel"],"_links":{"self":[{"href":"https:\/\/www.egemtv.com\/index.php?rest_route=\/wp\/v2\/posts\/29121","targetHints":{"allow":["GET"]}}],"collection":[{"href":"https:\/\/www.egemtv.com\/index.php?rest_route=\/wp\/v2\/posts"}],"about":[{"href":"https:\/\/www.egemtv.com\/index.php?rest_route=\/wp\/v2\/types\/post"}],"author":[{"embeddable":true,"href":"https:\/\/www.egemtv.com\/index.php?rest_route=\/wp\/v2\/users\/1"}],"replies":[{"embeddable":true,"href":"https:\/\/www.egemtv.com\/index.php?rest_route=%2Fwp%2Fv2%2Fcomments&post=29121"}],"version-history":[{"count":1,"href":"https:\/\/www.egemtv.com\/index.php?rest_route=\/wp\/v2\/posts\/29121\/revisions"}],"predecessor-version":[{"id":29123,"href":"https:\/\/www.egemtv.com\/index.php?rest_route=\/wp\/v2\/posts\/29121\/revisions\/29123"}],"wp:featuredmedia":[{"embeddable":true,"href":"https:\/\/www.egemtv.com\/index.php?rest_route=\/wp\/v2\/media\/29122"}],"wp:attachment":[{"href":"https:\/\/www.egemtv.com\/index.php?rest_route=%2Fwp%2Fv2%2Fmedia&parent=29121"}],"wp:term":[{"taxonomy":"category","embeddable":true,"href":"https:\/\/www.egemtv.com\/index.php?rest_route=%2Fwp%2Fv2%2Fcategories&post=29121"},{"taxonomy":"post_tag","embeddable":true,"href":"https:\/\/www.egemtv.com\/index.php?rest_route=%2Fwp%2Fv2%2Ftags&post=29121"}],"curies":[{"name":"wp","href":"https:\/\/api.w.org\/{rel}","templated":true}]}}