{"id":29118,"date":"2025-05-16T10:16:06","date_gmt":"2025-05-16T07:16:06","guid":{"rendered":"https:\/\/www.egemtv.com\/?p=29118"},"modified":"2025-05-16T10:16:09","modified_gmt":"2025-05-16T07:16:09","slug":"ucuncu-kattan-dusen-sahis-hayatini-kaybetti","status":"publish","type":"post","link":"https:\/\/www.egemtv.com\/?p=29118","title":{"rendered":"\u00dc\u00e7\u00fcnc\u00fc kattan d\u00fc\u015fen \u015fah\u0131s hayat\u0131n\u0131 kaybetti"},"content":{"rendered":"<p>Ayd\u0131n\u2019\u0131n Didim il\u00e7esinde \u00fc\u00e7\u00fcnc\u00fc kattan d\u00fc\u015ferek a\u011f\u0131r yaral\u0131 olarak hastaneye kald\u0131r\u0131lan 31 ya\u015f\u0131ndaki \u015fah\u0131s hayat\u0131n\u0131 kaybetti.<\/p>\n<p>Olay, Didim Mersindere Mahallesi 3620 sokak \u00fczerindeki bir sitede meydana geldi. Edinilen bilgiye g\u00f6re, annesiyle birlikte ayn\u0131 evde ikamet eden 31 ya\u015f\u0131ndaki Bilgisayar M\u00fchendisi \u0130lker Dikme oturdu\u011fu sitenin \u00fc\u00e7\u00fcnc\u00fc kat\u0131ndan beton zemine d\u00fc\u015ft\u00fc. Olay\u0131 duyan kom\u015fular\u0131 ise durumu 112 ekiplerine bildirdi. Olay yerine gelen sa\u011fl\u0131k ekiplerinin ilk m\u00fcdahalesinin ard\u0131ndan a\u011f\u0131r yaralanan \u015fah\u0131s Didim Devlet Hastanesi\u2019ne kald\u0131r\u0131ld\u0131. Hastanede yap\u0131lan t\u00fcm m\u00fcdahalelere ra\u011fmen Dikme hayat\u0131n\u0131 kaybetti.<\/p>\n<p>Olayla ilgili soru\u015fturma ba\u015flat\u0131ld\u0131.<br \/><\/p>\n","protected":false},"excerpt":{"rendered":"<p>Ayd\u0131n\u2019\u0131n Didim il\u00e7esinde \u00fc\u00e7\u00fcnc\u00fc kattan d\u00fc\u015ferek a\u011f\u0131r yaral\u0131 olarak hastaneye kald\u0131r\u0131lan 31 ya\u015f\u0131ndaki \u015fah\u0131s hayat\u0131n\u0131 kaybetti. Olay, Didim Mersindere Mahallesi 3620 sokak \u00fczerindeki bir sitede meydana geldi. Edinilen bilgiye g\u00f6re, annesiyle birlikte ayn\u0131 evde ikamet eden 31 ya\u015f\u0131ndaki Bilgisayar M\u00fchendisi \u0130lker Dikme oturdu\u011fu sitenin \u00fc\u00e7\u00fcnc\u00fc kat\u0131ndan beton zemine d\u00fc\u015ft\u00fc. Olay\u0131 duyan kom\u015fular\u0131 ise durumu 112&#8230;<\/p>\n","protected":false},"author":1,"featured_media":29119,"comment_status":"open","ping_status":"open","sticky":false,"template":"","format":"standard","meta":{"_crdt_document":"","footnotes":""},"categories":[5],"tags":[],"class_list":["post-29118","post","type-post","status-publish","format-standard","has-post-thumbnail","hentry","category-asayis"],"_links":{"self":[{"href":"https:\/\/www.egemtv.com\/index.php?rest_route=\/wp\/v2\/posts\/29118","targetHints":{"allow":["GET"]}}],"collection":[{"href":"https:\/\/www.egemtv.com\/index.php?rest_route=\/wp\/v2\/posts"}],"about":[{"href":"https:\/\/www.egemtv.com\/index.php?rest_route=\/wp\/v2\/types\/post"}],"author":[{"embeddable":true,"href":"https:\/\/www.egemtv.com\/index.php?rest_route=\/wp\/v2\/users\/1"}],"replies":[{"embeddable":true,"href":"https:\/\/www.egemtv.com\/index.php?rest_route=%2Fwp%2Fv2%2Fcomments&post=29118"}],"version-history":[{"count":1,"href":"https:\/\/www.egemtv.com\/index.php?rest_route=\/wp\/v2\/posts\/29118\/revisions"}],"predecessor-version":[{"id":29120,"href":"https:\/\/www.egemtv.com\/index.php?rest_route=\/wp\/v2\/posts\/29118\/revisions\/29120"}],"wp:featuredmedia":[{"embeddable":true,"href":"https:\/\/www.egemtv.com\/index.php?rest_route=\/wp\/v2\/media\/29119"}],"wp:attachment":[{"href":"https:\/\/www.egemtv.com\/index.php?rest_route=%2Fwp%2Fv2%2Fmedia&parent=29118"}],"wp:term":[{"taxonomy":"category","embeddable":true,"href":"https:\/\/www.egemtv.com\/index.php?rest_route=%2Fwp%2Fv2%2Fcategories&post=29118"},{"taxonomy":"post_tag","embeddable":true,"href":"https:\/\/www.egemtv.com\/index.php?rest_route=%2Fwp%2Fv2%2Ftags&post=29118"}],"curies":[{"name":"wp","href":"https:\/\/api.w.org\/{rel}","templated":true}]}}