{"id":29115,"date":"2025-05-16T09:57:01","date_gmt":"2025-05-16T06:57:01","guid":{"rendered":"https:\/\/www.egemtv.com\/?p=29115"},"modified":"2025-05-16T09:57:06","modified_gmt":"2025-05-16T06:57:06","slug":"aydinda-atiklari-toplayalim-gelecege-nefes-olalim-projesi-suruyor","status":"publish","type":"post","link":"https:\/\/www.egemtv.com\/?p=29115","title":{"rendered":"Ayd\u0131n\u2019da &#8220;At\u0131klar\u0131 toplayal\u0131m, gelece\u011fe nefes olal\u0131m&#8221; projesi s\u00fcr\u00fcyor"},"content":{"rendered":"<p>Ayd\u0131n\u2019da Tar\u0131m \u0130l M\u00fcd\u00fcrl\u00fc\u011f\u00fc taraf\u0131ndan y\u00fcr\u00fct\u00fclen &#8220;At\u0131klar\u0131 toplayal\u0131m, gelece\u011fe nefes olal\u0131m&#8221; projesi devam ediyor.<br \/>\n<br \/>Tar\u0131m ve Orman Bakanl\u0131\u011f\u0131 Bitkisel \u00dcretim Genel M\u00fcd\u00fcrl\u00fc\u011f\u00fc taraf\u0131ndan finanse edilen &#8220;\u0130yi Tar\u0131m Uygulamalar\u0131n\u0131n Yayg\u0131nla\u015ft\u0131r\u0131lmas\u0131 ve Kontrol\u00fc Projesi&#8221; kapsam\u0131nda Tar\u0131m Orman \u0130l M\u00fcd\u00fcrl\u00fc\u011f\u00fc taraf\u0131ndan y\u00fcr\u00fct\u00fclen \u2018\u2019At\u0131klar\u0131 toplayal\u0131m gelece\u011fe nefes olal\u0131m&#8221; projesi devam ediyor. Tar\u0131msal \u00fcretimde kullan\u0131lan bitki koruma ve bitki besleme \u00fcr\u00fcnleri ambalaj at\u0131klar\u0131, \u0130l\u00e7e Tar\u0131m ve Orman M\u00fcd\u00fcrl\u00fckleri arac\u0131l\u0131\u011f\u0131yla toplanarak bertaraf edilmek \u00fczere firma yetkililerine teslim ediliyor. Proje kapsam\u0131nda en az 10 adet ambalaj at\u0131\u011f\u0131 getiren \u00fcreticilere hediye olarak 1 litrelik s\u0131v\u0131 g\u00fcbre veriliyor.<br \/><\/p>\n","protected":false},"excerpt":{"rendered":"<p>Ayd\u0131n\u2019da Tar\u0131m \u0130l M\u00fcd\u00fcrl\u00fc\u011f\u00fc taraf\u0131ndan y\u00fcr\u00fct\u00fclen &#8220;At\u0131klar\u0131 toplayal\u0131m, gelece\u011fe nefes olal\u0131m&#8221; projesi devam ediyor. Tar\u0131m ve Orman Bakanl\u0131\u011f\u0131 Bitkisel \u00dcretim Genel M\u00fcd\u00fcrl\u00fc\u011f\u00fc taraf\u0131ndan finanse edilen &#8220;\u0130yi Tar\u0131m Uygulamalar\u0131n\u0131n Yayg\u0131nla\u015ft\u0131r\u0131lmas\u0131 ve Kontrol\u00fc Projesi&#8221; kapsam\u0131nda Tar\u0131m Orman \u0130l M\u00fcd\u00fcrl\u00fc\u011f\u00fc taraf\u0131ndan y\u00fcr\u00fct\u00fclen \u2018\u2019At\u0131klar\u0131 toplayal\u0131m gelece\u011fe nefes olal\u0131m&#8221; projesi devam ediyor. Tar\u0131msal \u00fcretimde kullan\u0131lan bitki koruma ve bitki besleme&#8230;<\/p>\n","protected":false},"author":1,"featured_media":29116,"comment_status":"open","ping_status":"open","sticky":false,"template":"","format":"standard","meta":{"_crdt_document":"","footnotes":""},"categories":[1],"tags":[],"class_list":["post-29115","post","type-post","status-publish","format-standard","has-post-thumbnail","hentry","category-guncel"],"_links":{"self":[{"href":"https:\/\/www.egemtv.com\/index.php?rest_route=\/wp\/v2\/posts\/29115","targetHints":{"allow":["GET"]}}],"collection":[{"href":"https:\/\/www.egemtv.com\/index.php?rest_route=\/wp\/v2\/posts"}],"about":[{"href":"https:\/\/www.egemtv.com\/index.php?rest_route=\/wp\/v2\/types\/post"}],"author":[{"embeddable":true,"href":"https:\/\/www.egemtv.com\/index.php?rest_route=\/wp\/v2\/users\/1"}],"replies":[{"embeddable":true,"href":"https:\/\/www.egemtv.com\/index.php?rest_route=%2Fwp%2Fv2%2Fcomments&post=29115"}],"version-history":[{"count":1,"href":"https:\/\/www.egemtv.com\/index.php?rest_route=\/wp\/v2\/posts\/29115\/revisions"}],"predecessor-version":[{"id":29117,"href":"https:\/\/www.egemtv.com\/index.php?rest_route=\/wp\/v2\/posts\/29115\/revisions\/29117"}],"wp:featuredmedia":[{"embeddable":true,"href":"https:\/\/www.egemtv.com\/index.php?rest_route=\/wp\/v2\/media\/29116"}],"wp:attachment":[{"href":"https:\/\/www.egemtv.com\/index.php?rest_route=%2Fwp%2Fv2%2Fmedia&parent=29115"}],"wp:term":[{"taxonomy":"category","embeddable":true,"href":"https:\/\/www.egemtv.com\/index.php?rest_route=%2Fwp%2Fv2%2Fcategories&post=29115"},{"taxonomy":"post_tag","embeddable":true,"href":"https:\/\/www.egemtv.com\/index.php?rest_route=%2Fwp%2Fv2%2Ftags&post=29115"}],"curies":[{"name":"wp","href":"https:\/\/api.w.org\/{rel}","templated":true}]}}