{"id":29112,"date":"2025-05-16T09:56:59","date_gmt":"2025-05-16T06:56:59","guid":{"rendered":"https:\/\/www.egemtv.com\/?p=29112"},"modified":"2025-05-16T09:57:01","modified_gmt":"2025-05-16T06:57:01","slug":"aliaga-fkda-hasan-celik-ile-yollar-ayrildi","status":"publish","type":"post","link":"https:\/\/www.egemtv.com\/?p=29112","title":{"rendered":"Alia\u011fa FK\u2019da Hasan \u00c7elik ile yollar ayr\u0131ld\u0131"},"content":{"rendered":"<p>Nesine 3. Lig 3. Grup\u2019ta nama\u011flup \u015fampiyon olarak TFF 2. Lig\u2019e y\u00fckselen Alia\u011fa FK\u2019da kadro planlamas\u0131 kapsam\u0131nda kanat oyuncusu Hasan \u00c7elik ile yollar\u0131n\u0131 ay\u0131rd\u0131.<br \/>\n<br \/>Nesine 3. Lig 3. Grup\u2019ta yenilgisiz bir \u015fekilde \u015fampiyon olan ve TFF 2. Lig\u2019e y\u00fckselen Alia\u011faspor FK, yeni sezona g\u00fc\u00e7l\u00fc bir kadroyla girmek i\u00e7in \u00e7al\u0131\u015fmalar\u0131n\u0131 s\u00fcrd\u00fcr\u00fcyor. Kul\u00fcp y\u00f6netimi, ge\u00e7ti\u011fimiz g\u00fcnlerde 6 oyuncu ile yollar\u0131n\u0131 ay\u0131rd\u0131\u011f\u0131n\u0131 duyurmu\u015ftu. Bu kapsamda bir ayr\u0131l\u0131k haberi daha geldi. \u0130zmir ekibi, 2 sezondur sar\u0131-siyahl\u0131 formay\u0131 giyen kanat oyuncusu Hasan \u00c7elik ile yollar\u0131n\u0131 ay\u0131rd\u0131\u011f\u0131n\u0131 a\u00e7\u0131klad\u0131. Kul\u00fcb\u00fcn resmi sosyal medya hesaplar\u0131ndan yap\u0131lan payla\u015f\u0131mda, &#8220;\u0130ki sezondur formam\u0131z\u0131 giyen ve bu y\u0131l ya\u015fad\u0131\u011f\u0131m\u0131z \u015fampiyonlukta pay sahibi olan Hasan \u00c7elik\u2019e kul\u00fcb\u00fcm\u00fcze verdi\u011fi katk\u0131lardan dolay\u0131 te\u015fekk\u00fcr eder, futbol kariyerinde ba\u015far\u0131lar dileriz&#8221; ifadelerine yer verildi.<br \/><\/p>\n","protected":false},"excerpt":{"rendered":"<p>Nesine 3. Lig 3. Grup\u2019ta nama\u011flup \u015fampiyon olarak TFF 2. Lig\u2019e y\u00fckselen Alia\u011fa FK\u2019da kadro planlamas\u0131 kapsam\u0131nda kanat oyuncusu Hasan \u00c7elik ile yollar\u0131n\u0131 ay\u0131rd\u0131. Nesine 3. Lig 3. Grup\u2019ta yenilgisiz bir \u015fekilde \u015fampiyon olan ve TFF 2. Lig\u2019e y\u00fckselen Alia\u011faspor FK, yeni sezona g\u00fc\u00e7l\u00fc bir kadroyla girmek i\u00e7in \u00e7al\u0131\u015fmalar\u0131n\u0131 s\u00fcrd\u00fcr\u00fcyor. Kul\u00fcp y\u00f6netimi, ge\u00e7ti\u011fimiz g\u00fcnlerde 6&#8230;<\/p>\n","protected":false},"author":1,"featured_media":29113,"comment_status":"open","ping_status":"open","sticky":false,"template":"","format":"standard","meta":{"_crdt_document":"","footnotes":""},"categories":[4],"tags":[],"class_list":["post-29112","post","type-post","status-publish","format-standard","has-post-thumbnail","hentry","category-spor"],"_links":{"self":[{"href":"https:\/\/www.egemtv.com\/index.php?rest_route=\/wp\/v2\/posts\/29112","targetHints":{"allow":["GET"]}}],"collection":[{"href":"https:\/\/www.egemtv.com\/index.php?rest_route=\/wp\/v2\/posts"}],"about":[{"href":"https:\/\/www.egemtv.com\/index.php?rest_route=\/wp\/v2\/types\/post"}],"author":[{"embeddable":true,"href":"https:\/\/www.egemtv.com\/index.php?rest_route=\/wp\/v2\/users\/1"}],"replies":[{"embeddable":true,"href":"https:\/\/www.egemtv.com\/index.php?rest_route=%2Fwp%2Fv2%2Fcomments&post=29112"}],"version-history":[{"count":1,"href":"https:\/\/www.egemtv.com\/index.php?rest_route=\/wp\/v2\/posts\/29112\/revisions"}],"predecessor-version":[{"id":29114,"href":"https:\/\/www.egemtv.com\/index.php?rest_route=\/wp\/v2\/posts\/29112\/revisions\/29114"}],"wp:featuredmedia":[{"embeddable":true,"href":"https:\/\/www.egemtv.com\/index.php?rest_route=\/wp\/v2\/media\/29113"}],"wp:attachment":[{"href":"https:\/\/www.egemtv.com\/index.php?rest_route=%2Fwp%2Fv2%2Fmedia&parent=29112"}],"wp:term":[{"taxonomy":"category","embeddable":true,"href":"https:\/\/www.egemtv.com\/index.php?rest_route=%2Fwp%2Fv2%2Fcategories&post=29112"},{"taxonomy":"post_tag","embeddable":true,"href":"https:\/\/www.egemtv.com\/index.php?rest_route=%2Fwp%2Fv2%2Ftags&post=29112"}],"curies":[{"name":"wp","href":"https:\/\/api.w.org\/{rel}","templated":true}]}}