{"id":29109,"date":"2025-05-16T09:56:54","date_gmt":"2025-05-16T06:56:54","guid":{"rendered":"https:\/\/www.egemtv.com\/?p=29109"},"modified":"2025-05-16T09:56:59","modified_gmt":"2025-05-16T06:56:59","slug":"denizlinin-ilk-sac-festivali-icin-geri-sayim-devam-ediyor","status":"publish","type":"post","link":"https:\/\/www.egemtv.com\/?p=29109","title":{"rendered":"Denizli\u2019nin ilk sa\u00e7 festivali i\u00e7in geri say\u0131m devam ediyor"},"content":{"rendered":"<p>Denizli\u2019de ilk defa d\u00fczenlenecek olan T\u00fcrkiye\u2019nin parlayan y\u0131ld\u0131zlar\u0131n\u0131n yar\u0131\u015faca\u011f\u0131 Denizli Hair Fest 2025, 18 May\u0131s Pazar g\u00fcn\u00fc EGS kongre Merkezi\u2019nde ger\u00e7ekle\u015ftirilecek.<\/p>\n<p>Denizli Esnaf ve Sanatkarlar Odalar\u0131 Birli\u011fi Ba\u015fkanl\u0131\u011f\u0131 ile Denizli G\u00fczellik Uzmanlar\u0131 ve G\u00fczellik Salonu \u0130\u015fletmecileri Derne\u011fi taraf\u0131ndan organize edilen &#8220;T\u00fcrkiye\u2019nin Parlayan Y\u0131ld\u0131zlar\u0131 Yar\u0131\u015f\u0131yor&#8221; etkinli\u011fi ile Denizli\u2019de ilk kez yap\u0131lacak olan Denizli Hair Fest 2025 organizasyonu, 18 May\u0131s 2025 Pazar g\u00fcn\u00fc EGS Kongre Merkezi\u2019nde ger\u00e7ekle\u015ftirilecek.<\/p>\n<p>T\u00fcrkiye\u2019nin bir \u00e7ok ilinden gelecek olan 100 yar\u0131\u015fmac\u0131n\u0131n kat\u0131laca\u011f\u0131 etkinlik hakk\u0131nda bilgi veren Organizasyon sorumlusu Feriha Day\u0131ba\u015f\u0131, &#8220;T\u00fcrkiye\u2019nin d\u00f6rt bir yan\u0131ndan yetenekli ve yenilik\u00e7i yar\u0131\u015fmac\u0131lar\u0131m\u0131z\u0131 bir araya getirecek olan \u2018Parlayan Y\u0131ld\u0131zlar Yar\u0131\u015fmas\u0131\u2019 haz\u0131rl\u0131klar\u0131m\u0131z b\u00fcy\u00fck bir co\u015fkuyla devam ediyor. Bu y\u0131l, yeteneklerini sergilemek isteyen t\u00fcm kat\u0131l\u0131mc\u0131lar i\u00e7in heyecan verici kategorilerimizle sahnedeyiz. Erkek sa\u00e7 kesim, bayan sa\u00e7 kesim, topuz, makyaj, t\u00fcrban ve protez t\u0131rnak gibi dallarda yar\u0131\u015fmac\u0131lar\u0131m\u0131z g\u00f6rsel \u015fovlar\u0131n\u0131 sunacak. Bu y\u0131lki etkinli\u011fimizde, kat\u0131l\u0131mc\u0131lar\u0131m\u0131z\u0131n sundu\u011fu \u00f6zg\u00fcn ve yenilik\u00e7i \u00e7al\u0131\u015fmalar, sekt\u00f6rdeki en iyi isimler taraf\u0131ndan de\u011ferlendirilecek. Kat\u0131l\u0131m ve izleyici olarak herkesi bu muazzam etkinli\u011fe davet ediyoruz.  Birlikte bu muhte\u015fem an\u0131 payla\u015fmak dile\u011fiyle herkesi 18 May\u0131s 2025 Pazar g\u00fcn\u00fc EGS Kongre Merkezi\u2019ne bekliyoruz. T\u00fcrkiye\u2019nin en iyi markalar\u0131n\u0131n, T\u00fcrkiye\u2019nin parlayan y\u0131ld\u0131zlar\u0131 en kaliteli isimler yer alaca\u011f\u0131 bu \u00f6zel g\u00fcnde, T\u00fcrkiye\u2019nin her b\u00f6lgesinden kat\u0131l\u0131m olacakt\u0131r. \u0130stanbul, Kocaeli, Gebze, \u0130zmir, Eski\u015fehir, Manisa, S\u00f6ke, Didim, Akhisar, Osmaniye, Karaman, Adana, \u015eanl\u0131urfa, Mu\u015f, Ankara, Tekirda\u011f, G\u00f6lc\u00fck, Bal\u0131kesir, Gelibolu, Konya, \u0130zmir, Marmaris, \u015eanl\u0131urfa, Mu\u011fla, Marmaris, S\u00f6ke, Nazilli, Ayd\u0131n, U\u015fak, Antalya, Mardin, Denizli, Isparta, Afyonkarahisar, \u00c7orum, gibi illerimizden kat\u0131l\u0131m olacakt\u0131r.  Hem \u015fehrimizdeki i\u015fletmelerimiz, hemde di\u011fer illerden kat\u0131lacak yar\u0131\u015fmac\u0131lar\u0131m\u0131z ile mesle\u011fimize de\u011fer katma ad\u0131na g\u00fczel bir g\u00fcn ve g\u00f6rsel \u015fovlar, yetenekler, tarzlar izleyece\u011fiz. Bu etkinlerin devam\u0131n\u0131n gelmesini ve \u015fehrimizde bu ev sahipli\u011fini yapman\u0131n gururunu ya\u015f\u0131yoruz. \u0130lgi duyan, merak eden, bu \u00f6zel g\u00fcn\u00fc ya\u015famak isteyen herkesi 18 May\u0131s 2025 Pazar g\u00fcn\u00fc EGS Kongre Merkezi\u2019ne bekliyoruz&#8221; dedi.<br \/><\/p>\n","protected":false},"excerpt":{"rendered":"<p>Denizli\u2019de ilk defa d\u00fczenlenecek olan T\u00fcrkiye\u2019nin parlayan y\u0131ld\u0131zlar\u0131n\u0131n yar\u0131\u015faca\u011f\u0131 Denizli Hair Fest 2025, 18 May\u0131s Pazar g\u00fcn\u00fc EGS kongre Merkezi\u2019nde ger\u00e7ekle\u015ftirilecek. Denizli Esnaf ve Sanatkarlar Odalar\u0131 Birli\u011fi Ba\u015fkanl\u0131\u011f\u0131 ile Denizli G\u00fczellik Uzmanlar\u0131 ve G\u00fczellik Salonu \u0130\u015fletmecileri Derne\u011fi taraf\u0131ndan organize edilen &#8220;T\u00fcrkiye\u2019nin Parlayan Y\u0131ld\u0131zlar\u0131 Yar\u0131\u015f\u0131yor&#8221; etkinli\u011fi ile Denizli\u2019de ilk kez yap\u0131lacak olan Denizli Hair Fest 2025&#8230;<\/p>\n","protected":false},"author":1,"featured_media":29110,"comment_status":"open","ping_status":"open","sticky":false,"template":"","format":"standard","meta":{"_crdt_document":"","footnotes":""},"categories":[1],"tags":[],"class_list":["post-29109","post","type-post","status-publish","format-standard","has-post-thumbnail","hentry","category-guncel"],"_links":{"self":[{"href":"https:\/\/www.egemtv.com\/index.php?rest_route=\/wp\/v2\/posts\/29109","targetHints":{"allow":["GET"]}}],"collection":[{"href":"https:\/\/www.egemtv.com\/index.php?rest_route=\/wp\/v2\/posts"}],"about":[{"href":"https:\/\/www.egemtv.com\/index.php?rest_route=\/wp\/v2\/types\/post"}],"author":[{"embeddable":true,"href":"https:\/\/www.egemtv.com\/index.php?rest_route=\/wp\/v2\/users\/1"}],"replies":[{"embeddable":true,"href":"https:\/\/www.egemtv.com\/index.php?rest_route=%2Fwp%2Fv2%2Fcomments&post=29109"}],"version-history":[{"count":1,"href":"https:\/\/www.egemtv.com\/index.php?rest_route=\/wp\/v2\/posts\/29109\/revisions"}],"predecessor-version":[{"id":29111,"href":"https:\/\/www.egemtv.com\/index.php?rest_route=\/wp\/v2\/posts\/29109\/revisions\/29111"}],"wp:featuredmedia":[{"embeddable":true,"href":"https:\/\/www.egemtv.com\/index.php?rest_route=\/wp\/v2\/media\/29110"}],"wp:attachment":[{"href":"https:\/\/www.egemtv.com\/index.php?rest_route=%2Fwp%2Fv2%2Fmedia&parent=29109"}],"wp:term":[{"taxonomy":"category","embeddable":true,"href":"https:\/\/www.egemtv.com\/index.php?rest_route=%2Fwp%2Fv2%2Fcategories&post=29109"},{"taxonomy":"post_tag","embeddable":true,"href":"https:\/\/www.egemtv.com\/index.php?rest_route=%2Fwp%2Fv2%2Ftags&post=29109"}],"curies":[{"name":"wp","href":"https:\/\/api.w.org\/{rel}","templated":true}]}}