{"id":29106,"date":"2025-05-16T09:56:48","date_gmt":"2025-05-16T06:56:48","guid":{"rendered":"https:\/\/www.egemtv.com\/?p=29106"},"modified":"2025-05-16T09:56:54","modified_gmt":"2025-05-16T06:56:54","slug":"ailelerine-gururu-yasattilar","status":"publish","type":"post","link":"https:\/\/www.egemtv.com\/?p=29106","title":{"rendered":"Ailelerine gururu ya\u015fatt\u0131lar"},"content":{"rendered":"<p>Manisa\u2019n\u0131n Akhisar il\u00e7esinde bulunan Akhisar Hava Meydan Komutanl\u0131\u011f\u0131nda 56 engelli bireyin bir g\u00fcnl\u00fc\u011f\u00fcne temsili askerlik yapmas\u0131n\u0131n ard\u0131ndan ger\u00e7ekle\u015ftirilen yemin t\u00f6reninde engelli bireyler gurur ya\u015farken aileleri sevin\u00e7 g\u00f6zya\u015flar\u0131 d\u00f6kt\u00fc.<br \/>\n<br \/>Manisa\u2019n\u0131n Akhisar il\u00e7esindeki Akhisar Hava Meydan Komutanl\u0131\u011f\u0131 b\u00fcnyesinde 56 engelli birey Engelliler Haftas\u0131 dolay\u0131s\u0131yla bir g\u00fcnl\u00fc\u011f\u00fcne temsili askerlik yapt\u0131. Etkinlikte kamuflajlar\u0131n\u0131 giyen engelliler, sayg\u0131 duru\u015fu ve \u0130stiklal Mar\u015f\u0131\u2019n\u0131n okunmas\u0131n\u0131n ard\u0131ndan, yemin ederek g\u00f6revlerini temsili olarak yerine getirdi. Yemin eden engelli bireyler bir g\u00fcnl\u00fc\u011f\u00fcne de olsa askerlik vazifesini yerine getirmenin gururunu ya\u015farken baz\u0131 aileler g\u00f6zya\u015flar\u0131na hakim olamad\u0131.<br \/>\n<br \/>Askerlerin yemin etmesinin ard\u0131ndan Er Bahad\u0131r K\u0131rtepe\u2019nin babas\u0131 Kemal K\u0131rtepe aileler ad\u0131na yapt\u0131\u011f\u0131 konu\u015fma yaparken Er \u0130lhan Karaka\u015f &#8220;Bu Vatan Kimin&#8221; adl\u0131 \u015fiiri seslendir. \u00d6te yandan Er Muhammet C\u00f6mert ise ya\u015f k\u00fct\u00fc\u011f\u00fcne plaket \u00e7akt\u0131.<br \/>\n<br \/>T\u00f6reninin ard\u0131ndan Akhisar Kaymakam\u0131 Mustafa Can, Akhisar Hava Meydan Komutan\u0131 Hava Piyade Albay H\u00fcseyin Borazan ve Akhisar Cumhuriyet Ba\u015fsavc\u0131s\u0131 Sebahattin Erkaya, engelli asker adaylar\u0131na terhis belgeleri ile \u00e7e\u015fitli hediyeler takdim etti.<br \/>\n<br \/>Engelli bireyler i\u00e7in d\u00fczenlenen temsili askerlik ve yemin t\u00f6reni, t\u00f6ren ge\u00e7i\u015finin ard\u0131ndan sona ererken aileler de hat\u0131ra foto\u011fraf\u0131 \u00e7ekildi.<br \/>\n<br \/>\u00c7ocuklar\u0131 O\u011fuzhan Demirba\u015f\u2019\u0131 kamuflajlar i\u00e7inde g\u00f6rmenin mutlulu\u011funu ya\u015fayan anne Resmiye Demirba\u015f, &#8220;Duyguland\u0131k ve gururland\u0131k, bunu d\u00fczenleyenlere \u00e7ok te\u015fekk\u00fcr ederim&#8221; derken baba B\u00fclent Demirba\u015f ise t\u00f6reni d\u00fczenleyenlere te\u015fekk\u00fcr etti.<br \/>\n<br \/>Asker g\u00f6rd\u00fcklerinde heyecanland\u0131klar\u0131n\u0131 s\u00f6yleyen anne Asiye G\u00f6z\u00fcpek, &#8220;Zaten asker g\u00f6r\u00fcnce duygulan\u0131yorduk, kendi o\u011flumuzu g\u00f6r\u00fcnce daha \u00e7ok duyguland\u0131k&#8221; diye konu\u015ftu.<br \/><\/p>\n","protected":false},"excerpt":{"rendered":"<p>Manisa\u2019n\u0131n Akhisar il\u00e7esinde bulunan Akhisar Hava Meydan Komutanl\u0131\u011f\u0131nda 56 engelli bireyin bir g\u00fcnl\u00fc\u011f\u00fcne temsili askerlik yapmas\u0131n\u0131n ard\u0131ndan ger\u00e7ekle\u015ftirilen yemin t\u00f6reninde engelli bireyler gurur ya\u015farken aileleri sevin\u00e7 g\u00f6zya\u015flar\u0131 d\u00f6kt\u00fc. Manisa\u2019n\u0131n Akhisar il\u00e7esindeki Akhisar Hava Meydan Komutanl\u0131\u011f\u0131 b\u00fcnyesinde 56 engelli birey Engelliler Haftas\u0131 dolay\u0131s\u0131yla bir g\u00fcnl\u00fc\u011f\u00fcne temsili askerlik yapt\u0131. Etkinlikte kamuflajlar\u0131n\u0131 giyen engelliler, sayg\u0131 duru\u015fu ve \u0130stiklal&#8230;<\/p>\n","protected":false},"author":1,"featured_media":29107,"comment_status":"open","ping_status":"open","sticky":false,"template":"","format":"standard","meta":{"_crdt_document":"","footnotes":""},"categories":[123],"tags":[],"class_list":["post-29106","post","type-post","status-publish","format-standard","has-post-thumbnail","hentry","category-gundem"],"_links":{"self":[{"href":"https:\/\/www.egemtv.com\/index.php?rest_route=\/wp\/v2\/posts\/29106","targetHints":{"allow":["GET"]}}],"collection":[{"href":"https:\/\/www.egemtv.com\/index.php?rest_route=\/wp\/v2\/posts"}],"about":[{"href":"https:\/\/www.egemtv.com\/index.php?rest_route=\/wp\/v2\/types\/post"}],"author":[{"embeddable":true,"href":"https:\/\/www.egemtv.com\/index.php?rest_route=\/wp\/v2\/users\/1"}],"replies":[{"embeddable":true,"href":"https:\/\/www.egemtv.com\/index.php?rest_route=%2Fwp%2Fv2%2Fcomments&post=29106"}],"version-history":[{"count":1,"href":"https:\/\/www.egemtv.com\/index.php?rest_route=\/wp\/v2\/posts\/29106\/revisions"}],"predecessor-version":[{"id":29108,"href":"https:\/\/www.egemtv.com\/index.php?rest_route=\/wp\/v2\/posts\/29106\/revisions\/29108"}],"wp:featuredmedia":[{"embeddable":true,"href":"https:\/\/www.egemtv.com\/index.php?rest_route=\/wp\/v2\/media\/29107"}],"wp:attachment":[{"href":"https:\/\/www.egemtv.com\/index.php?rest_route=%2Fwp%2Fv2%2Fmedia&parent=29106"}],"wp:term":[{"taxonomy":"category","embeddable":true,"href":"https:\/\/www.egemtv.com\/index.php?rest_route=%2Fwp%2Fv2%2Fcategories&post=29106"},{"taxonomy":"post_tag","embeddable":true,"href":"https:\/\/www.egemtv.com\/index.php?rest_route=%2Fwp%2Fv2%2Ftags&post=29106"}],"curies":[{"name":"wp","href":"https:\/\/api.w.org\/{rel}","templated":true}]}}