{"id":29103,"date":"2025-05-16T09:37:08","date_gmt":"2025-05-16T06:37:08","guid":{"rendered":"https:\/\/www.egemtv.com\/?p=29103"},"modified":"2025-05-16T09:37:12","modified_gmt":"2025-05-16T06:37:12","slug":"kaymakam-cengel-akdag-tabiat-parkinda-inceleme-yapti","status":"publish","type":"post","link":"https:\/\/www.egemtv.com\/?p=29103","title":{"rendered":"Kaymakam \u00c7engel Akda\u011f Tabiat Park\u0131\u2019nda inceleme yapt\u0131"},"content":{"rendered":"<p>Afyonkarahisar Sand\u0131kl\u0131 Kaymakam\u0131 \u00d6nder \u00c7engel ba\u015fkanl\u0131\u011f\u0131ndaki heyet T\u00fcrkiye\u2019nin en \u00f6nemli tabiat parklar\u0131ndan birisi olan Akda\u011f Tabiat park\u0131nda incelemelerde bulundu.<br \/>\n<br \/>Kaymakam \u00c7engel, K\u0131z\u0131l\u00f6ren Kaymakam\u0131 Bilal \u00c7itil, Do\u011fa Koruma ve Milli Parklar 5. B\u00f6lge M\u00fcd\u00fcr\u00fc Kemal Can ve Do\u011fa Koruma Afyonkarahisar \u015eube M\u00fcd\u00fcr\u00fc Okan Y\u0131lmaz ile birlikte Sand\u0131kl\u0131 Akda\u011f Tabiat Park\u0131\u2019nda incelemelerde bulundu.<br \/>\n<br \/>Heyet, b\u00f6lgenin do\u011fal g\u00fczelliklerini yerinde inceleyerek, tabiat park\u0131n\u0131n korunmas\u0131 ve s\u00fcrd\u00fcr\u00fclebilir kullan\u0131m\u0131 konusunda de\u011ferlendirmelerde bulundu. \u00d6zellikle ziyaret\u00e7i g\u00fcvenli\u011fi, \u00e7evre d\u00fczenlemeleri ve ekosistemin korunmas\u0131 i\u00e7in al\u0131nmas\u0131 gereken tedbirler \u00fczerinde duruldu. Kaymakam \u00d6nder \u00c7engel, b\u00f6lgenin do\u011fal zenginliklerinin korunmas\u0131n\u0131n \u00f6nemine vurgu yaparak, &#8220;Akda\u011f Tabiat Park\u0131, sadece Sand\u0131kl\u0131\u2019n\u0131n de\u011fil, b\u00f6lgenin \u00f6nemli bir do\u011fal miras\u0131d\u0131r&#8221; dedi.<br \/>\n<br \/>Heyet, park i\u00e7indeki y\u00fcr\u00fcy\u00fc\u015f yollar\u0131, dinlenme alanlar\u0131 ve bilgilendirme levhalar\u0131n\u0131n d\u00fczenlenmesi konular\u0131n\u0131 da yerinde de\u011ferlendirdi. Ziyaret\u00e7ilerin g\u00fcvenli ve bilin\u00e7li bir \u015fekilde park\u0131 gezmesi i\u00e7in al\u0131nmas\u0131 gereken tedbirler \u00fczerinde fikir al\u0131\u015fveri\u015finde bulunuldu.<br \/><\/p>\n","protected":false},"excerpt":{"rendered":"<p>Afyonkarahisar Sand\u0131kl\u0131 Kaymakam\u0131 \u00d6nder \u00c7engel ba\u015fkanl\u0131\u011f\u0131ndaki heyet T\u00fcrkiye\u2019nin en \u00f6nemli tabiat parklar\u0131ndan birisi olan Akda\u011f Tabiat park\u0131nda incelemelerde bulundu. Kaymakam \u00c7engel, K\u0131z\u0131l\u00f6ren Kaymakam\u0131 Bilal \u00c7itil, Do\u011fa Koruma ve Milli Parklar 5. B\u00f6lge M\u00fcd\u00fcr\u00fc Kemal Can ve Do\u011fa Koruma Afyonkarahisar \u015eube M\u00fcd\u00fcr\u00fc Okan Y\u0131lmaz ile birlikte Sand\u0131kl\u0131 Akda\u011f Tabiat Park\u0131\u2019nda incelemelerde bulundu. Heyet, b\u00f6lgenin do\u011fal g\u00fczelliklerini&#8230;<\/p>\n","protected":false},"author":1,"featured_media":29104,"comment_status":"open","ping_status":"open","sticky":false,"template":"","format":"standard","meta":{"_crdt_document":"","footnotes":""},"categories":[1],"tags":[],"class_list":["post-29103","post","type-post","status-publish","format-standard","has-post-thumbnail","hentry","category-guncel"],"_links":{"self":[{"href":"https:\/\/www.egemtv.com\/index.php?rest_route=\/wp\/v2\/posts\/29103","targetHints":{"allow":["GET"]}}],"collection":[{"href":"https:\/\/www.egemtv.com\/index.php?rest_route=\/wp\/v2\/posts"}],"about":[{"href":"https:\/\/www.egemtv.com\/index.php?rest_route=\/wp\/v2\/types\/post"}],"author":[{"embeddable":true,"href":"https:\/\/www.egemtv.com\/index.php?rest_route=\/wp\/v2\/users\/1"}],"replies":[{"embeddable":true,"href":"https:\/\/www.egemtv.com\/index.php?rest_route=%2Fwp%2Fv2%2Fcomments&post=29103"}],"version-history":[{"count":1,"href":"https:\/\/www.egemtv.com\/index.php?rest_route=\/wp\/v2\/posts\/29103\/revisions"}],"predecessor-version":[{"id":29105,"href":"https:\/\/www.egemtv.com\/index.php?rest_route=\/wp\/v2\/posts\/29103\/revisions\/29105"}],"wp:featuredmedia":[{"embeddable":true,"href":"https:\/\/www.egemtv.com\/index.php?rest_route=\/wp\/v2\/media\/29104"}],"wp:attachment":[{"href":"https:\/\/www.egemtv.com\/index.php?rest_route=%2Fwp%2Fv2%2Fmedia&parent=29103"}],"wp:term":[{"taxonomy":"category","embeddable":true,"href":"https:\/\/www.egemtv.com\/index.php?rest_route=%2Fwp%2Fv2%2Fcategories&post=29103"},{"taxonomy":"post_tag","embeddable":true,"href":"https:\/\/www.egemtv.com\/index.php?rest_route=%2Fwp%2Fv2%2Ftags&post=29103"}],"curies":[{"name":"wp","href":"https:\/\/api.w.org\/{rel}","templated":true}]}}