{"id":29100,"date":"2025-05-16T09:37:03","date_gmt":"2025-05-16T06:37:03","guid":{"rendered":"https:\/\/www.egemtv.com\/?p=29100"},"modified":"2025-05-16T09:37:08","modified_gmt":"2025-05-16T06:37:08","slug":"ataturk-ilkokuluna-zeka-oyunlari-sinifi-kazandirildi","status":"publish","type":"post","link":"https:\/\/www.egemtv.com\/?p=29100","title":{"rendered":"Atat\u00fcrk \u0130lkokulu\u2019na Zeka Oyunlar\u0131 S\u0131n\u0131f\u0131 kazand\u0131r\u0131ld\u0131"},"content":{"rendered":"<p>Afyonkarahisar Ahmetpa\u015fa Atat\u00fcrk \u0130lkokulu, Fenerbah\u00e7eli T\u0131p \u0130nsanlar\u0131 Vakf\u0131\u2019n\u0131n ba\u011f\u0131\u015flad\u0131\u011f\u0131 zeka oyunlar\u0131 s\u0131n\u0131f\u0131n\u0131n a\u00e7\u0131l\u0131\u015f\u0131yla yeni bir e\u011fitim alan\u0131na kavu\u015ftu.<br \/>\n<br \/>A\u00e7\u0131l\u0131\u015f t\u00f6renine Kaymakam Emrah Aslan, Vak\u0131f Ba\u015fkan\u0131 Dr. \u015eahin \u00dcnal ve vak\u0131f \u00fcyeleri kat\u0131ld\u0131. Ger\u00e7ekle\u015ftirilen program\u0131n a\u00e7\u0131l\u0131\u015f\u0131nda konu\u015fan Kaymakam Aslan, vak\u0131f \u00fcyelerine e\u011fitime sunduklar\u0131 katk\u0131dan dolay\u0131 te\u015fekk\u00fcr etti. Kaymakam Aslan, okul y\u00f6netimi, \u00f6\u011frencilere d\u00fc\u015f\u00fcnme ve problem \u00e7\u00f6zme becerileri kazand\u0131racak olan bu \u00f6zel s\u0131n\u0131f\u0131n, \u00e7ocuklar\u0131n geli\u015fimine \u00f6nemli katk\u0131lar sa\u011flayaca\u011f\u0131n\u0131 belirtti. Kaymakam Arslan, vak\u0131f \u00fcyelerine e\u011fitime verdikleri desteklerden dolay\u0131 te\u015fekk\u00fcr etti.<br \/><\/p>\n","protected":false},"excerpt":{"rendered":"<p>Afyonkarahisar Ahmetpa\u015fa Atat\u00fcrk \u0130lkokulu, Fenerbah\u00e7eli T\u0131p \u0130nsanlar\u0131 Vakf\u0131\u2019n\u0131n ba\u011f\u0131\u015flad\u0131\u011f\u0131 zeka oyunlar\u0131 s\u0131n\u0131f\u0131n\u0131n a\u00e7\u0131l\u0131\u015f\u0131yla yeni bir e\u011fitim alan\u0131na kavu\u015ftu. A\u00e7\u0131l\u0131\u015f t\u00f6renine Kaymakam Emrah Aslan, Vak\u0131f Ba\u015fkan\u0131 Dr. \u015eahin \u00dcnal ve vak\u0131f \u00fcyeleri kat\u0131ld\u0131. Ger\u00e7ekle\u015ftirilen program\u0131n a\u00e7\u0131l\u0131\u015f\u0131nda konu\u015fan Kaymakam Aslan, vak\u0131f \u00fcyelerine e\u011fitime sunduklar\u0131 katk\u0131dan dolay\u0131 te\u015fekk\u00fcr etti. Kaymakam Aslan, okul y\u00f6netimi, \u00f6\u011frencilere d\u00fc\u015f\u00fcnme ve problem \u00e7\u00f6zme&#8230;<\/p>\n","protected":false},"author":1,"featured_media":29101,"comment_status":"open","ping_status":"open","sticky":false,"template":"","format":"standard","meta":{"_crdt_document":"","footnotes":""},"categories":[1],"tags":[],"class_list":["post-29100","post","type-post","status-publish","format-standard","has-post-thumbnail","hentry","category-guncel"],"_links":{"self":[{"href":"https:\/\/www.egemtv.com\/index.php?rest_route=\/wp\/v2\/posts\/29100","targetHints":{"allow":["GET"]}}],"collection":[{"href":"https:\/\/www.egemtv.com\/index.php?rest_route=\/wp\/v2\/posts"}],"about":[{"href":"https:\/\/www.egemtv.com\/index.php?rest_route=\/wp\/v2\/types\/post"}],"author":[{"embeddable":true,"href":"https:\/\/www.egemtv.com\/index.php?rest_route=\/wp\/v2\/users\/1"}],"replies":[{"embeddable":true,"href":"https:\/\/www.egemtv.com\/index.php?rest_route=%2Fwp%2Fv2%2Fcomments&post=29100"}],"version-history":[{"count":1,"href":"https:\/\/www.egemtv.com\/index.php?rest_route=\/wp\/v2\/posts\/29100\/revisions"}],"predecessor-version":[{"id":29102,"href":"https:\/\/www.egemtv.com\/index.php?rest_route=\/wp\/v2\/posts\/29100\/revisions\/29102"}],"wp:featuredmedia":[{"embeddable":true,"href":"https:\/\/www.egemtv.com\/index.php?rest_route=\/wp\/v2\/media\/29101"}],"wp:attachment":[{"href":"https:\/\/www.egemtv.com\/index.php?rest_route=%2Fwp%2Fv2%2Fmedia&parent=29100"}],"wp:term":[{"taxonomy":"category","embeddable":true,"href":"https:\/\/www.egemtv.com\/index.php?rest_route=%2Fwp%2Fv2%2Fcategories&post=29100"},{"taxonomy":"post_tag","embeddable":true,"href":"https:\/\/www.egemtv.com\/index.php?rest_route=%2Fwp%2Fv2%2Ftags&post=29100"}],"curies":[{"name":"wp","href":"https:\/\/api.w.org\/{rel}","templated":true}]}}